{"id":28348,"date":"2026-05-03T07:46:00","date_gmt":"2026-05-03T07:46:00","guid":{"rendered":"https:\/\/www.abchukuk.com\/index.php\/2026\/05\/03\/adalet-bakani-akin-gurlek-ekrem-imamoglunun-diplomasini-iptal-eden-universitenin-etkinliginde-konustu\/"},"modified":"2026-05-03T07:46:00","modified_gmt":"2026-05-03T07:46:00","slug":"adalet-bakani-akin-gurlek-ekrem-imamoglunun-diplomasini-iptal-eden-universitenin-etkinliginde-konustu","status":"publish","type":"post","link":"https:\/\/www.abchukuk.com\/index.php\/2026\/05\/03\/adalet-bakani-akin-gurlek-ekrem-imamoglunun-diplomasini-iptal-eden-universitenin-etkinliginde-konustu\/","title":{"rendered":"Adalet Bakan\u0131 Ak\u0131n G\u00fcrlek, Ekrem \u0130mamo\u011flu&#8217;nun diplomas\u0131n\u0131 iptal eden \u00fcniversitenin etkinli\u011finde konu\u015ftu"},"content":{"rendered":"<p>Tutuklu cumhurba\u015fkan\u0131 aday\u0131 Ekrem \u0130mamo\u011flu&#8217;nun diplomas\u0131n\u0131n iptal edildi\u011fi \u0130stanbul \u00dcniversitesi&#8217;nin &#8216;Siyaset Okulu&#8217; program\u0131nda konu\u015fan Adalet Bakan\u0131 Ak\u0131n G\u00fcrlek, &#8221;Bu millet sand\u0131kla konu\u015fur, iradesini yeniden ortaya koyar, kendisine \u00e7izilmek istenen s\u0131n\u0131rlar\u0131 a\u015fmas\u0131n\u0131 bilir ve her seferinde kendi i\u00e7inden yeni bir ba\u015flang\u0131\u00e7 iradesi \u00e7\u0131kararak yoluna devam eder&#8221; dedi.Tutuklu cumhurba\u015fkan\u0131 aday\u0131 Ekrem \u0130mamo\u011flu&#8217;nun diplomas\u0131n\u0131n iptal edildi\u011fi \u0130stanbul \u00dcniversitesi&#8217;nin &#8216;Siyaset Okulu&#8217; program\u0131nda konu\u015fan Adalet Bakan\u0131 Ak\u0131n G\u00fcrlek, &#8221;Bu millet sand\u0131kla konu\u015fur, iradesini yeniden ortaya koyar, kendisine \u00e7izilmek istenen s\u0131n\u0131rlar\u0131 a\u015fmas\u0131n\u0131 bilir ve her seferinde kendi i\u00e7inden yeni bir ba\u015flang\u0131\u00e7 iradesi \u00e7\u0131kararak yoluna devam eder&#8221; dedi.\u00a0<a href=\"https:\/\/www.cumhuriyet.com.tr\/siyaset\/bakan-gurlek-ekrem-imamoglu-nun-diplomasini-iptal-eden-universitenin-etkinliginde-konustu-bu-millet-iradesini-yeniden-ortaya-koyar-2500575\" target=\"_blank\" class=\"feedzy-rss-link-icon\">Read More<\/a><\/p>","protected":false},"excerpt":{"rendered":"<p>Tutuklu cumhurba\u015fkan\u0131 aday\u0131 Ekrem \u0130mamo\u011flu&#8217;nun diplomas\u0131n\u0131n iptal edildi\u011fi \u0130stanbul \u00dcniversitesi&#8217;nin &#8216;Siyaset Okulu&#8217; program\u0131nda konu\u015fan Adalet Bakan\u0131 Ak\u0131n G\u00fcrlek, &#8221;Bu millet sand\u0131kla konu\u015fur, iradesini yeniden ortaya koyar, kendisine \u00e7izilmek istenen s\u0131n\u0131rlar\u0131 a\u015fmas\u0131n\u0131 bilir ve her seferinde kendi i\u00e7inden yeni bir ba\u015flang\u0131\u00e7 iradesi \u00e7\u0131kararak yoluna devam eder&#8221; dedi.Tutuklu cumhurba\u015fkan\u0131 aday\u0131 Ekrem \u0130mamo\u011flu&#8217;nun diplomas\u0131n\u0131n iptal edildi\u011fi \u0130stanbul \u00dcniversitesi&#8217;nin [&hellip;]<\/p>\n","protected":false},"author":1,"featured_media":28349,"comment_status":"open","ping_status":"open","sticky":false,"template":"","format":"standard","meta":{"footnotes":"","_links_to":"","_links_to_target":""},"categories":[1],"tags":[],"class_list":["post-28348","post","type-post","status-publish","format-standard","has-post-thumbnail","hentry","category-haberler"],"_links":{"self":[{"href":"https:\/\/www.abchukuk.com\/index.php\/wp-json\/wp\/v2\/posts\/28348","targetHints":{"allow":["GET"]}}],"collection":[{"href":"https:\/\/www.abchukuk.com\/index.php\/wp-json\/wp\/v2\/posts"}],"about":[{"href":"https:\/\/www.abchukuk.com\/index.php\/wp-json\/wp\/v2\/types\/post"}],"author":[{"embeddable":true,"href":"https:\/\/www.abchukuk.com\/index.php\/wp-json\/wp\/v2\/users\/1"}],"replies":[{"embeddable":true,"href":"https:\/\/www.abchukuk.com\/index.php\/wp-json\/wp\/v2\/comments?post=28348"}],"version-history":[{"count":0,"href":"https:\/\/www.abchukuk.com\/index.php\/wp-json\/wp\/v2\/posts\/28348\/revisions"}],"wp:featuredmedia":[{"embeddable":true,"href":"https:\/\/www.abchukuk.com\/index.php\/wp-json\/wp\/v2\/media\/28349"}],"wp:attachment":[{"href":"https:\/\/www.abchukuk.com\/index.php\/wp-json\/wp\/v2\/media?parent=28348"}],"wp:term":[{"taxonomy":"category","embeddable":true,"href":"https:\/\/www.abchukuk.com\/index.php\/wp-json\/wp\/v2\/categories?post=28348"},{"taxonomy":"post_tag","embeddable":true,"href":"https:\/\/www.abchukuk.com\/index.php\/wp-json\/wp\/v2\/tags?post=28348"}],"curies":[{"name":"wp","href":"https:\/\/api.w.org\/{rel}","templated":true}]}}