{"id":28345,"date":"2026-05-03T08:46:20","date_gmt":"2026-05-03T08:46:20","guid":{"rendered":"https:\/\/www.abchukuk.com\/index.php\/2026\/05\/03\/okullarda-siddete-karsi-yeni-donem-basliyor-hukuk-ve-yargi-da-devrede\/"},"modified":"2026-05-03T08:46:20","modified_gmt":"2026-05-03T08:46:20","slug":"okullarda-siddete-karsi-yeni-donem-basliyor-hukuk-ve-yargi-da-devrede","status":"publish","type":"post","link":"https:\/\/www.abchukuk.com\/index.php\/2026\/05\/03\/okullarda-siddete-karsi-yeni-donem-basliyor-hukuk-ve-yargi-da-devrede\/","title":{"rendered":"Okullarda \u015fiddete kar\u015f\u0131 yeni d\u00f6nem ba\u015fl\u0131yor! Hukuk ve yarg\u0131 da devrede!"},"content":{"rendered":"<p><strong>SON.TV\/ANKARA<\/strong><\/p>\n<p>\u00a0<\/p>\n<p><strong>OKULLARDA \u015e\u0130DDETLE M\u00dcCADELEDE \u201c\u00c7OK Y\u00d6NL\u00dc MODEL\u201d<\/strong><\/p>\n<p>Yeni plan, sadece e\u011fitim de\u011fil ayn\u0131 zamanda hukuk temelli bir yakla\u015f\u0131m\u0131 da i\u00e7eriyor.<\/p>\n<p>Bu kapsamda:<\/p>\n<ul>\n<li>Okullarda rehberlik hizmetleri g\u00fc\u00e7lendirilecek<\/li>\n<li>\u015eiddet olaylar\u0131 daha erken a\u015famada tespit edilecek<\/li>\n<li>Hukuki s\u00fcre\u00e7ler daha h\u0131zl\u0131 devreye al\u0131nacak<\/li>\n<\/ul>\n<p>Ama\u00e7, \u015fiddeti ortaya \u00e7\u0131kmadan \u00f6nlemek ve olaylara h\u0131zl\u0131 m\u00fcdahale etmek.<\/p>\n<p><strong>YARGI S\u00dcRE\u00c7LER\u0130 HIZLANDIRILACAK<\/strong><\/p>\n<p>\u015eiddet vakalar\u0131na ili\u015fkin adli s\u00fcre\u00e7lerin daha etkin i\u015flemesi i\u00e7in yeni ad\u0131mlar g\u00fcndemde.<\/p>\n<ul>\n<li>Su\u00e7a s\u00fcr\u00fcklenen \u00e7ocuklara y\u00f6nelik s\u00fcre\u00e7ler h\u0131zland\u0131r\u0131lacak<\/li>\n<li>Okul kaynakl\u0131 olaylarda savc\u0131l\u0131k ve kolluk koordinasyonu art\u0131r\u0131lacak<\/li>\n<li>Delil toplama ve de\u011ferlendirme s\u00fcre\u00e7leri g\u00fc\u00e7lendirilecek<\/li>\n<\/ul>\n<p>Bu ad\u0131mlar\u0131n, cezas\u0131zl\u0131k alg\u0131s\u0131n\u0131 ortadan kald\u0131rmas\u0131 hedefleniyor.<\/p>\n<p><strong>D\u0130J\u0130TAL ORTAMDA HUKUK\u0130 DENET\u0130M ARTACAK<\/strong><\/p>\n<p>Sosyal medya ve dijital platformlar da art\u0131k daha s\u0131k\u0131 denetlenecek.<\/p>\n<p>Bilgi Teknolojileri ve \u0130leti\u015fim Kurumu koordinasyonunda:<\/p>\n<ul>\n<li>\u015eiddeti te\u015fvik eden i\u00e7eriklere h\u0131zl\u0131 m\u00fcdahale<\/li>\n<li>Hukuka ayk\u0131r\u0131 payla\u015f\u0131mlara kar\u015f\u0131 i\u015flem<\/li>\n<li>\u00c7ocuklar\u0131 koruyacak dijital filtreleme sistemleri<\/li>\n<\/ul>\n<p>devreye al\u0131nacak.<\/p>\n<p><strong>ERKEN M\u00dcDAHALE VE HUKUK\u0130 FARKINDALIK<\/strong><\/p>\n<p>Yeni modelde yaln\u0131zca cezai yapt\u0131r\u0131mlar de\u011fil, bilin\u00e7lendirme de \u00f6ne \u00e7\u0131k\u0131yor.<\/p>\n<ul>\n<li>\u00d6\u011frencilere temel hukuk bilgisi verilecek<\/li>\n<li>\u015eiddetin hukuki sonu\u00e7lar\u0131 anlat\u0131lacak<\/li>\n<li>Aileler s\u00fcrece dahil edilecek<\/li>\n<\/ul>\n<p>Bu sayede hem \u00f6nleyici hem de e\u011fitici bir sistem kurulmas\u0131 hedefleniyor.<\/p>\n<p><strong>R\u0130SK HAR\u0130TASI VE ADL\u0130 TAK\u0130P<\/strong><\/p>\n<p>Plan\u0131n dikkat \u00e7eken ba\u015fl\u0131klar\u0131ndan biri de risk haritalama sistemi.<\/p>\n<ul>\n<li>\u015eiddet olaylar\u0131n\u0131n yo\u011fun oldu\u011fu b\u00f6lgeler belirlenecek<\/li>\n<li>Okullar \u00f6zelinde veri analizleri yap\u0131lacak<\/li>\n<li>Y\u00fcksek riskli alanlarda adli ve idari \u00f6nlemler art\u0131r\u0131lacak<\/li>\n<\/ul>\n<p><strong>HEDEF: G\u00dcVENL\u0130 OKUL, ETK\u0130N ADALET<\/strong><\/p>\n<p>At\u0131lacak ad\u0131mlar\u0131n temel amac\u0131, \u00f6\u011frencilerin g\u00fcvenli bir ortamda e\u011fitim almas\u0131n\u0131 sa\u011flamak.<\/p>\n<p>Yeni sistemde:<br \/>\n\u2714 E\u011fitim<br \/>\n\u2714 Dijital denetim<br \/>\n\u2714 Hukuki yapt\u0131r\u0131m<\/p>\n<p>birlikte y\u00fcr\u00fct\u00fclecek.<\/p>\n<p><strong>T\u00dcRK\u0130YE GENEL\u0130NDE UYGULANACAK<\/strong><\/p>\n<p>Haz\u0131rlanan modelin k\u0131sa s\u00fcrede \u00fclke genelinde hayata ge\u00e7irilmesi bekleniyor.<\/p>\n<p>Okullarda \u015fiddetle m\u00fccadelede bu yeni yakla\u015f\u0131m\u0131n, hem e\u011fitim sistemine hem de yarg\u0131 s\u00fcre\u00e7lerine kal\u0131c\u0131 etkiler b\u0131rakaca\u011f\u0131 de\u011ferlendiriliyor.<\/p>\n<p>\u00a0<\/p>\n<p>ET\u015eKETLER:<\/p>\n<p>#okullarda\u015fiddet #okulg\u00fcvenli\u011fi #e\u011fitimde\u015fiddet #\u00e7ocukkoruma #hukuk #yarg\u0131 #adalet #btk #dijitaldenetim #rehberlik #e\u011fitim #\u00f6\u011frencig\u00fcvenli\u011fi #sosyalmedya #\u00e7ocukhaklar\u0131 #aile #g\u00fcndem #sondakika #t\u00fcrkiye #e\u011fitimsistemi #\u015fiddetlem\u00fccadele<\/p>\n<p>Okullarda \u015fiddeti \u00f6nlemek i\u00e7in ba\u015flat\u0131lan kapsaml\u0131 \u00e7al\u0131\u015fmaya yaln\u0131zca bakanl\u0131klar de\u011fil, hukuk ve yarg\u0131 mekanizmalar\u0131 da dahil ediliyor. Bilgi Teknolojileri ve \u0130leti\u015fim Kurumu i\u015f birli\u011finde y\u00fcr\u00fct\u00fclen yeni model; rehberlik, dijital denetim, erken e\u011fitim ve hukuki yapt\u0131r\u0131mlar\u0131 birlikte ele al\u0131yor.\u00a0<a href=\"https:\/\/www.son.tv\/okullarda-siddete-karsi-yeni-donem-basliyor-hukuk-ve-yargi-da-devrede\/\" target=\"_blank\" class=\"feedzy-rss-link-icon\">Read More<\/a><\/p>","protected":false},"excerpt":{"rendered":"<p>SON.TV\/ANKARA \u00a0 OKULLARDA \u015e\u0130DDETLE M\u00dcCADELEDE \u201c\u00c7OK Y\u00d6NL\u00dc MODEL\u201d Yeni plan, sadece e\u011fitim de\u011fil ayn\u0131 zamanda hukuk temelli bir yakla\u015f\u0131m\u0131 da i\u00e7eriyor. Bu kapsamda: Okullarda rehberlik hizmetleri g\u00fc\u00e7lendirilecek \u015eiddet olaylar\u0131 daha erken a\u015famada tespit edilecek Hukuki s\u00fcre\u00e7ler daha h\u0131zl\u0131 devreye al\u0131nacak Ama\u00e7, \u015fiddeti ortaya \u00e7\u0131kmadan \u00f6nlemek ve olaylara h\u0131zl\u0131 m\u00fcdahale etmek. YARGI S\u00dcRE\u00c7LER\u0130 HIZLANDIRILACAK \u015eiddet vakalar\u0131na [&hellip;]<\/p>\n","protected":false},"author":1,"featured_media":0,"comment_status":"open","ping_status":"open","sticky":false,"template":"","format":"standard","meta":{"footnotes":"","_links_to":"","_links_to_target":""},"categories":[1],"tags":[],"class_list":["post-28345","post","type-post","status-publish","format-standard","hentry","category-haberler"],"_links":{"self":[{"href":"https:\/\/www.abchukuk.com\/index.php\/wp-json\/wp\/v2\/posts\/28345","targetHints":{"allow":["GET"]}}],"collection":[{"href":"https:\/\/www.abchukuk.com\/index.php\/wp-json\/wp\/v2\/posts"}],"about":[{"href":"https:\/\/www.abchukuk.com\/index.php\/wp-json\/wp\/v2\/types\/post"}],"author":[{"embeddable":true,"href":"https:\/\/www.abchukuk.com\/index.php\/wp-json\/wp\/v2\/users\/1"}],"replies":[{"embeddable":true,"href":"https:\/\/www.abchukuk.com\/index.php\/wp-json\/wp\/v2\/comments?post=28345"}],"version-history":[{"count":0,"href":"https:\/\/www.abchukuk.com\/index.php\/wp-json\/wp\/v2\/posts\/28345\/revisions"}],"wp:attachment":[{"href":"https:\/\/www.abchukuk.com\/index.php\/wp-json\/wp\/v2\/media?parent=28345"}],"wp:term":[{"taxonomy":"category","embeddable":true,"href":"https:\/\/www.abchukuk.com\/index.php\/wp-json\/wp\/v2\/categories?post=28345"},{"taxonomy":"post_tag","embeddable":true,"href":"https:\/\/www.abchukuk.com\/index.php\/wp-json\/wp\/v2\/tags?post=28345"}],"curies":[{"name":"wp","href":"https:\/\/api.w.org\/{rel}","templated":true}]}}