{"id":28343,"date":"2026-05-03T08:58:00","date_gmt":"2026-05-03T08:58:00","guid":{"rendered":"https:\/\/www.abchukuk.com\/index.php\/2026\/05\/03\/istanbulda-cinayet-cezaevindeki-oglunun-beraberlik-yasadigi-kadini-katletti-ifadesi-ortaya-cikti\/"},"modified":"2026-05-03T08:58:00","modified_gmt":"2026-05-03T08:58:00","slug":"istanbulda-cinayet-cezaevindeki-oglunun-beraberlik-yasadigi-kadini-katletti-ifadesi-ortaya-cikti","status":"publish","type":"post","link":"https:\/\/www.abchukuk.com\/index.php\/2026\/05\/03\/istanbulda-cinayet-cezaevindeki-oglunun-beraberlik-yasadigi-kadini-katletti-ifadesi-ortaya-cikti\/","title":{"rendered":"\u0130stanbul&#8217;da cinayet&#8230; Cezaevindeki o\u011flunun beraberlik ya\u015fad\u0131\u011f\u0131 kad\u0131n\u0131 katletti: \u0130fadesi ortaya \u00e7\u0131kt\u0131!"},"content":{"rendered":"<p>\u015ei\u015fli&#8217;de Menek\u015fe K. (58), 6 y\u0131ld\u0131r cezaevinde olan o\u011flunun birliktelik ya\u015fad\u0131\u011f\u0131 Bur\u00e7in \u015eahin\u2019i (25) silahla ba\u015f\u0131ndan vurarak \u00f6ld\u00fcrd\u00fc. Olay\u0131n ard\u0131ndan pencereye \u00e7\u0131kan \u015f\u00fcphelinin, &#8216;Gelinimi \u00f6ld\u00fcrd\u00fcm, namusumu temizledim&#8217; dedi\u011fi ve bir s\u00fcre sigara i\u00e7ti\u011fi iddia edildi. G\u00f6zalt\u0131na al\u0131nan Menek\u015fe K.\u2019nin ifadesinde &#8216;Sen o\u011flumu nas\u0131l aldat\u0131rs\u0131n, benim o\u011flum cezaevinde. Senin \u00e7ocuklar\u0131n var utanm\u0131yor musun&#8217; dedim. O da bana bel alt\u0131 bir cevap vererek &#8216;Yapar\u0131m&#8217; dedi. Daha sonra sinirlendim, dolapta duran silah\u0131 ald\u0131m ve ate\u015f ettim&#8221; dedi\u011fi \u00f6\u011frenildi.\u015ei\u015fli&#8217;de Menek\u015fe K. (58), 6 y\u0131ld\u0131r cezaevinde olan o\u011flunun birliktelik ya\u015fad\u0131\u011f\u0131 Bur\u00e7in \u015eahin\u2019i (25) silahla ba\u015f\u0131ndan vurarak \u00f6ld\u00fcrd\u00fc. Olay\u0131n ard\u0131ndan pencereye \u00e7\u0131kan \u015f\u00fcphelinin, &#8216;Gelinimi \u00f6ld\u00fcrd\u00fcm, namusumu temizledim&#8217; dedi\u011fi ve bir s\u00fcre sigara i\u00e7ti\u011fi iddia edildi. G\u00f6zalt\u0131na al\u0131nan Menek\u015fe K.\u2019nin ifadesinde &#8216;Sen o\u011flumu nas\u0131l aldat\u0131rs\u0131n, benim o\u011flum cezaevinde. Senin \u00e7ocuklar\u0131n var utanm\u0131yor musun&#8217; dedim. O da bana bel alt\u0131 bir cevap vererek &#8216;Yapar\u0131m&#8217; dedi. Daha sonra sinirlendim, dolapta duran silah\u0131 ald\u0131m ve ate\u015f ettim&#8221; dedi\u011fi \u00f6\u011frenildi.\u00a0<a href=\"https:\/\/www.cumhuriyet.com.tr\/turkiye\/istanbul-da-cinayet-cezaevindeki-oglunun-beraberlik-yasadigi-kadini-katletti-ifadesi-ortaya-cikti-2500593\" target=\"_blank\" class=\"feedzy-rss-link-icon\">Read More<\/a><\/p>","protected":false},"excerpt":{"rendered":"<p>\u015ei\u015fli&#8217;de Menek\u015fe K. (58), 6 y\u0131ld\u0131r cezaevinde olan o\u011flunun birliktelik ya\u015fad\u0131\u011f\u0131 Bur\u00e7in \u015eahin\u2019i (25) silahla ba\u015f\u0131ndan vurarak \u00f6ld\u00fcrd\u00fc. Olay\u0131n ard\u0131ndan pencereye \u00e7\u0131kan \u015f\u00fcphelinin, &#8216;Gelinimi \u00f6ld\u00fcrd\u00fcm, namusumu temizledim&#8217; dedi\u011fi ve bir s\u00fcre sigara i\u00e7ti\u011fi iddia edildi. G\u00f6zalt\u0131na al\u0131nan Menek\u015fe K.\u2019nin ifadesinde &#8216;Sen o\u011flumu nas\u0131l aldat\u0131rs\u0131n, benim o\u011flum cezaevinde. Senin \u00e7ocuklar\u0131n var utanm\u0131yor musun&#8217; dedim. O da [&hellip;]<\/p>\n","protected":false},"author":1,"featured_media":28344,"comment_status":"open","ping_status":"open","sticky":false,"template":"","format":"standard","meta":{"footnotes":"","_links_to":"","_links_to_target":""},"categories":[1],"tags":[],"class_list":["post-28343","post","type-post","status-publish","format-standard","has-post-thumbnail","hentry","category-haberler"],"_links":{"self":[{"href":"https:\/\/www.abchukuk.com\/index.php\/wp-json\/wp\/v2\/posts\/28343","targetHints":{"allow":["GET"]}}],"collection":[{"href":"https:\/\/www.abchukuk.com\/index.php\/wp-json\/wp\/v2\/posts"}],"about":[{"href":"https:\/\/www.abchukuk.com\/index.php\/wp-json\/wp\/v2\/types\/post"}],"author":[{"embeddable":true,"href":"https:\/\/www.abchukuk.com\/index.php\/wp-json\/wp\/v2\/users\/1"}],"replies":[{"embeddable":true,"href":"https:\/\/www.abchukuk.com\/index.php\/wp-json\/wp\/v2\/comments?post=28343"}],"version-history":[{"count":0,"href":"https:\/\/www.abchukuk.com\/index.php\/wp-json\/wp\/v2\/posts\/28343\/revisions"}],"wp:featuredmedia":[{"embeddable":true,"href":"https:\/\/www.abchukuk.com\/index.php\/wp-json\/wp\/v2\/media\/28344"}],"wp:attachment":[{"href":"https:\/\/www.abchukuk.com\/index.php\/wp-json\/wp\/v2\/media?parent=28343"}],"wp:term":[{"taxonomy":"category","embeddable":true,"href":"https:\/\/www.abchukuk.com\/index.php\/wp-json\/wp\/v2\/categories?post=28343"},{"taxonomy":"post_tag","embeddable":true,"href":"https:\/\/www.abchukuk.com\/index.php\/wp-json\/wp\/v2\/tags?post=28343"}],"curies":[{"name":"wp","href":"https:\/\/api.w.org\/{rel}","templated":true}]}}