{"id":2833,"date":"2025-08-30T06:33:00","date_gmt":"2025-08-30T06:33:00","guid":{"rendered":"http:\/\/www.lopsssdoner.com\/index.php\/2025\/08\/30\/yoku-dava-edip-siralama-barajini-degistirtti-onun-sayesinde-837-kisi-hukuk-fakultesine-girdi\/"},"modified":"2025-08-30T06:33:00","modified_gmt":"2025-08-30T06:33:00","slug":"yoku-dava-edip-siralama-barajini-degistirtti-onun-sayesinde-837-kisi-hukuk-fakultesine-girdi","status":"publish","type":"post","link":"https:\/\/www.abchukuk.com\/index.php\/2025\/08\/30\/yoku-dava-edip-siralama-barajini-degistirtti-onun-sayesinde-837-kisi-hukuk-fakultesine-girdi\/","title":{"rendered":"Y\u00d6K&#8217;\u00fc dava edip s\u0131ralama baraj\u0131n\u0131 de\u011fi\u015ftirtti: Onun sayesinde 837 ki\u015fi hukuk fak\u00fcltesine girdi!"},"content":{"rendered":"<p>Arda Kuzey Keskin, Y\u00d6K\u2019\u00fcn hukuk fak\u00fcltesi i\u00e7in ba\u015far\u0131 s\u0131ras\u0131 baraj\u0131n\u0131 125 binden 100 bine y\u00fckseltme karar\u0131n\u0131 mahkemede iptal ettirdi. Bu sonu\u00e7la Ticaret \u00dcniversitesi Hukuk Fak\u00fcltesi&#8217;ne yerle\u015fen Keskin ile beraber 836 aday\u0131n daha hukuk\u00e7u olmas\u0131n\u0131n \u00f6n\u00fc a\u00e7\u0131ld\u0131.Arda Kuzey Keskin, Y\u00d6K\u2019\u00fcn hukuk fak\u00fcltesi i\u00e7in ba\u015far\u0131 s\u0131ras\u0131 baraj\u0131n\u0131 125 binden 100 bine y\u00fckseltme karar\u0131n\u0131 mahkemede iptal ettirdi. Bu sonu\u00e7la Ticaret \u00dcniversitesi Hukuk Fak\u00fcltesi&#8217;ne yerle\u015fen Keskin ile beraber 836 aday\u0131n daha hukuk\u00e7u olmas\u0131n\u0131n \u00f6n\u00fc a\u00e7\u0131ld\u0131.\u00a0<a href=\"https:\/\/www.cumhuriyet.com.tr\/turkiye\/yok-u-dava-edip-siralama-barajini-degistirtti-onun-sayesinde-837-kisi-hukuk-fakultesine-girdi-2430653\" target=\"_blank\" class=\"feedzy-rss-link-icon\">Read More<\/a><\/p>","protected":false},"excerpt":{"rendered":"<p>Arda Kuzey Keskin, Y\u00d6K\u2019\u00fcn hukuk fak\u00fcltesi i\u00e7in ba\u015far\u0131 s\u0131ras\u0131 baraj\u0131n\u0131 125 binden 100 bine y\u00fckseltme karar\u0131n\u0131 mahkemede iptal ettirdi. Bu sonu\u00e7la Ticaret \u00dcniversitesi Hukuk Fak\u00fcltesi&#8217;ne yerle\u015fen Keskin ile beraber 836 aday\u0131n daha hukuk\u00e7u olmas\u0131n\u0131n \u00f6n\u00fc a\u00e7\u0131ld\u0131.Arda Kuzey Keskin, Y\u00d6K\u2019\u00fcn hukuk fak\u00fcltesi i\u00e7in ba\u015far\u0131 s\u0131ras\u0131 baraj\u0131n\u0131 125 binden 100 bine y\u00fckseltme karar\u0131n\u0131 mahkemede iptal ettirdi. Bu [&hellip;]<\/p>\n","protected":false},"author":1,"featured_media":2834,"comment_status":"open","ping_status":"open","sticky":false,"template":"","format":"standard","meta":{"footnotes":"","_links_to":"","_links_to_target":""},"categories":[1],"tags":[],"class_list":["post-2833","post","type-post","status-publish","format-standard","has-post-thumbnail","hentry","category-haberler"],"_links":{"self":[{"href":"https:\/\/www.abchukuk.com\/index.php\/wp-json\/wp\/v2\/posts\/2833","targetHints":{"allow":["GET"]}}],"collection":[{"href":"https:\/\/www.abchukuk.com\/index.php\/wp-json\/wp\/v2\/posts"}],"about":[{"href":"https:\/\/www.abchukuk.com\/index.php\/wp-json\/wp\/v2\/types\/post"}],"author":[{"embeddable":true,"href":"https:\/\/www.abchukuk.com\/index.php\/wp-json\/wp\/v2\/users\/1"}],"replies":[{"embeddable":true,"href":"https:\/\/www.abchukuk.com\/index.php\/wp-json\/wp\/v2\/comments?post=2833"}],"version-history":[{"count":0,"href":"https:\/\/www.abchukuk.com\/index.php\/wp-json\/wp\/v2\/posts\/2833\/revisions"}],"wp:featuredmedia":[{"embeddable":true,"href":"https:\/\/www.abchukuk.com\/index.php\/wp-json\/wp\/v2\/media\/2834"}],"wp:attachment":[{"href":"https:\/\/www.abchukuk.com\/index.php\/wp-json\/wp\/v2\/media?parent=2833"}],"wp:term":[{"taxonomy":"category","embeddable":true,"href":"https:\/\/www.abchukuk.com\/index.php\/wp-json\/wp\/v2\/categories?post=2833"},{"taxonomy":"post_tag","embeddable":true,"href":"https:\/\/www.abchukuk.com\/index.php\/wp-json\/wp\/v2\/tags?post=2833"}],"curies":[{"name":"wp","href":"https:\/\/api.w.org\/{rel}","templated":true}]}}