{"id":28321,"date":"2026-05-03T01:00:00","date_gmt":"2026-05-03T01:00:00","guid":{"rendered":"https:\/\/www.abchukuk.com\/index.php\/2026\/05\/03\/tele-1in-satisa-cikarilmasina-iliskin-surec-devam-ederken-avukatlar-itiraza-hazirlaniyor-basina-radikal-mudahale\/"},"modified":"2026-05-03T01:00:00","modified_gmt":"2026-05-03T01:00:00","slug":"tele-1in-satisa-cikarilmasina-iliskin-surec-devam-ederken-avukatlar-itiraza-hazirlaniyor-basina-radikal-mudahale","status":"publish","type":"post","link":"https:\/\/www.abchukuk.com\/index.php\/2026\/05\/03\/tele-1in-satisa-cikarilmasina-iliskin-surec-devam-ederken-avukatlar-itiraza-hazirlaniyor-basina-radikal-mudahale\/","title":{"rendered":"TELE 1\u2019in sat\u0131\u015fa \u00e7\u0131kar\u0131lmas\u0131na ili\u015fkin s\u00fcre\u00e7 devam ederken, avukatlar itiraza haz\u0131rlan\u0131yor: Bas\u0131na radikal m\u00fcdahale"},"content":{"rendered":"<p>Kayy\u0131m atanan Tele 1\u2019in sat\u0131\u015f s\u00fcreci \u00f6ncesi kanal avukatlar\u0131 hukuki itiraz i\u00e7in haz\u0131rlan\u0131rken, i\u015flemin bas\u0131n \u00f6zg\u00fcrl\u00fc\u011f\u00fcne m\u00fcdahale oldu\u011fu vurguland\u0131.Kayy\u0131m atanan Tele 1\u2019in sat\u0131\u015f s\u00fcreci \u00f6ncesi kanal avukatlar\u0131 hukuki itiraz i\u00e7in haz\u0131rlan\u0131rken, i\u015flemin bas\u0131n \u00f6zg\u00fcrl\u00fc\u011f\u00fcne m\u00fcdahale oldu\u011fu vurguland\u0131.\u00a0<a href=\"https:\/\/www.cumhuriyet.com.tr\/turkiye\/tele-1-in-satisa-cikarilmasina-iliskin-surec-devam-ederken-avukatlar-itiraza-hazirlaniyor-basina-radikal-mudahale-2500530\" target=\"_blank\" class=\"feedzy-rss-link-icon\">Read More<\/a><\/p>","protected":false},"excerpt":{"rendered":"<p>Kayy\u0131m atanan Tele 1\u2019in sat\u0131\u015f s\u00fcreci \u00f6ncesi kanal avukatlar\u0131 hukuki itiraz i\u00e7in haz\u0131rlan\u0131rken, i\u015flemin bas\u0131n \u00f6zg\u00fcrl\u00fc\u011f\u00fcne m\u00fcdahale oldu\u011fu vurguland\u0131.Kayy\u0131m atanan Tele 1\u2019in sat\u0131\u015f s\u00fcreci \u00f6ncesi kanal avukatlar\u0131 hukuki itiraz i\u00e7in haz\u0131rlan\u0131rken, i\u015flemin bas\u0131n \u00f6zg\u00fcrl\u00fc\u011f\u00fcne m\u00fcdahale oldu\u011fu vurguland\u0131.\u00a0Read More<\/p>\n","protected":false},"author":1,"featured_media":28322,"comment_status":"open","ping_status":"open","sticky":false,"template":"","format":"standard","meta":{"footnotes":"","_links_to":"","_links_to_target":""},"categories":[1],"tags":[],"class_list":["post-28321","post","type-post","status-publish","format-standard","has-post-thumbnail","hentry","category-haberler"],"_links":{"self":[{"href":"https:\/\/www.abchukuk.com\/index.php\/wp-json\/wp\/v2\/posts\/28321","targetHints":{"allow":["GET"]}}],"collection":[{"href":"https:\/\/www.abchukuk.com\/index.php\/wp-json\/wp\/v2\/posts"}],"about":[{"href":"https:\/\/www.abchukuk.com\/index.php\/wp-json\/wp\/v2\/types\/post"}],"author":[{"embeddable":true,"href":"https:\/\/www.abchukuk.com\/index.php\/wp-json\/wp\/v2\/users\/1"}],"replies":[{"embeddable":true,"href":"https:\/\/www.abchukuk.com\/index.php\/wp-json\/wp\/v2\/comments?post=28321"}],"version-history":[{"count":0,"href":"https:\/\/www.abchukuk.com\/index.php\/wp-json\/wp\/v2\/posts\/28321\/revisions"}],"wp:featuredmedia":[{"embeddable":true,"href":"https:\/\/www.abchukuk.com\/index.php\/wp-json\/wp\/v2\/media\/28322"}],"wp:attachment":[{"href":"https:\/\/www.abchukuk.com\/index.php\/wp-json\/wp\/v2\/media?parent=28321"}],"wp:term":[{"taxonomy":"category","embeddable":true,"href":"https:\/\/www.abchukuk.com\/index.php\/wp-json\/wp\/v2\/categories?post=28321"},{"taxonomy":"post_tag","embeddable":true,"href":"https:\/\/www.abchukuk.com\/index.php\/wp-json\/wp\/v2\/tags?post=28321"}],"curies":[{"name":"wp","href":"https:\/\/api.w.org\/{rel}","templated":true}]}}