{"id":2827,"date":"2025-08-30T07:19:00","date_gmt":"2025-08-30T07:19:00","guid":{"rendered":"http:\/\/www.lopsssdoner.com\/index.php\/2025\/08\/30\/adalet-bakanligi-3-bin-500-personel-alimi-sonuclari-aciklandi-mi-ikm-alim-sonuclari-ne-zaman-aciklanacak\/"},"modified":"2025-08-30T07:19:00","modified_gmt":"2025-08-30T07:19:00","slug":"adalet-bakanligi-3-bin-500-personel-alimi-sonuclari-aciklandi-mi-ikm-alim-sonuclari-ne-zaman-aciklanacak","status":"publish","type":"post","link":"https:\/\/www.abchukuk.com\/index.php\/2025\/08\/30\/adalet-bakanligi-3-bin-500-personel-alimi-sonuclari-aciklandi-mi-ikm-alim-sonuclari-ne-zaman-aciklanacak\/","title":{"rendered":"Adalet Bakanl\u0131\u011f\u0131 3 bin 500 personel al\u0131m\u0131 sonu\u00e7lar\u0131 a\u00e7\u0131kland\u0131 m\u0131? \u0130KM al\u0131m sonu\u00e7lar\u0131 ne zaman a\u00e7\u0131klanacak?"},"content":{"rendered":"<p>Adalet Bakanl\u0131\u011f\u0131 bu y\u0131l toplamda 5 bin personel al\u0131m\u0131 yapacak. \u0130ki ilan \u00e7\u0131kan Bakanl\u0131k en \u00e7ok al\u0131m\u0131 ise 3 bin 179 personelle infaz koruma memuru kadrosunda yapacak. \u015eimdi bu ilana ba\u015fvuru yapan on binlerce ki\u015finin akl\u0131nda sonu\u00e7lar var. Tarih ara\u015ft\u0131rmas\u0131 yapan binlerce ki\u015fi &#8220;Adalet Bakanl\u0131\u011f\u0131 3 bin 500 personel al\u0131m\u0131 sonu\u00e7lar\u0131 ne zaman a\u00e7\u0131klanacak&#8221; diye soruyor.Adalet Bakanl\u0131\u011f\u0131 bu y\u0131l toplamda 5 bin personel al\u0131m\u0131 yapacak. \u0130ki ilan \u00e7\u0131kan Bakanl\u0131k en \u00e7ok al\u0131m\u0131 ise 3 bin 179 personelle infaz koruma memuru kadrosunda yapacak. \u015eimdi bu ilana ba\u015fvuru yapan on binlerce ki\u015finin akl\u0131nda sonu\u00e7lar var. Tarih ara\u015ft\u0131rmas\u0131 yapan binlerce ki\u015fi &#8220;Adalet Bakanl\u0131\u011f\u0131 3 bin 500 personel al\u0131m\u0131 sonu\u00e7lar\u0131 ne zaman a\u00e7\u0131klanacak&#8221; diye soruyor.\u00a0<a href=\"https:\/\/www.dunya.com\/foto-galeri\/gundem\/adalet-bakanligi-3-bin-500-personel-alimi-sonuclari-aciklandi-mi-ikm-alim-sonuclari-ne-zaman-aciklanacak-galeri-791898\" target=\"_blank\" class=\"feedzy-rss-link-icon\">Read More<\/a><\/p>","protected":false},"excerpt":{"rendered":"<p>Adalet Bakanl\u0131\u011f\u0131 bu y\u0131l toplamda 5 bin personel al\u0131m\u0131 yapacak. \u0130ki ilan \u00e7\u0131kan Bakanl\u0131k en \u00e7ok al\u0131m\u0131 ise 3 bin 179 personelle infaz koruma memuru kadrosunda yapacak. \u015eimdi bu ilana ba\u015fvuru yapan on binlerce ki\u015finin akl\u0131nda sonu\u00e7lar var. Tarih ara\u015ft\u0131rmas\u0131 yapan binlerce ki\u015fi &#8220;Adalet Bakanl\u0131\u011f\u0131 3 bin 500 personel al\u0131m\u0131 sonu\u00e7lar\u0131 ne zaman a\u00e7\u0131klanacak&#8221; diye [&hellip;]<\/p>\n","protected":false},"author":1,"featured_media":2828,"comment_status":"open","ping_status":"open","sticky":false,"template":"","format":"standard","meta":{"footnotes":"","_links_to":"","_links_to_target":""},"categories":[1],"tags":[],"class_list":["post-2827","post","type-post","status-publish","format-standard","has-post-thumbnail","hentry","category-haberler"],"_links":{"self":[{"href":"https:\/\/www.abchukuk.com\/index.php\/wp-json\/wp\/v2\/posts\/2827","targetHints":{"allow":["GET"]}}],"collection":[{"href":"https:\/\/www.abchukuk.com\/index.php\/wp-json\/wp\/v2\/posts"}],"about":[{"href":"https:\/\/www.abchukuk.com\/index.php\/wp-json\/wp\/v2\/types\/post"}],"author":[{"embeddable":true,"href":"https:\/\/www.abchukuk.com\/index.php\/wp-json\/wp\/v2\/users\/1"}],"replies":[{"embeddable":true,"href":"https:\/\/www.abchukuk.com\/index.php\/wp-json\/wp\/v2\/comments?post=2827"}],"version-history":[{"count":0,"href":"https:\/\/www.abchukuk.com\/index.php\/wp-json\/wp\/v2\/posts\/2827\/revisions"}],"wp:featuredmedia":[{"embeddable":true,"href":"https:\/\/www.abchukuk.com\/index.php\/wp-json\/wp\/v2\/media\/2828"}],"wp:attachment":[{"href":"https:\/\/www.abchukuk.com\/index.php\/wp-json\/wp\/v2\/media?parent=2827"}],"wp:term":[{"taxonomy":"category","embeddable":true,"href":"https:\/\/www.abchukuk.com\/index.php\/wp-json\/wp\/v2\/categories?post=2827"},{"taxonomy":"post_tag","embeddable":true,"href":"https:\/\/www.abchukuk.com\/index.php\/wp-json\/wp\/v2\/tags?post=2827"}],"curies":[{"name":"wp","href":"https:\/\/api.w.org\/{rel}","templated":true}]}}