{"id":28265,"date":"2026-05-02T09:45:00","date_gmt":"2026-05-02T09:45:00","guid":{"rendered":"https:\/\/www.abchukuk.com\/index.php\/2026\/05\/02\/cemil-tugaydan-cankaya-katli-otoparki-aciklamasi-hukuken-mumkun-degil\/"},"modified":"2026-05-02T09:45:00","modified_gmt":"2026-05-02T09:45:00","slug":"cemil-tugaydan-cankaya-katli-otoparki-aciklamasi-hukuken-mumkun-degil","status":"publish","type":"post","link":"https:\/\/www.abchukuk.com\/index.php\/2026\/05\/02\/cemil-tugaydan-cankaya-katli-otoparki-aciklamasi-hukuken-mumkun-degil\/","title":{"rendered":"Cemil Tugay\u2019dan &#8216;\u00c7ankaya Katl\u0131 Otopark\u0131&#8217; a\u00e7\u0131klamas\u0131: &#8216;Hukuken m\u00fcmk\u00fcn de\u011fil&#8217;"},"content":{"rendered":"<p>\u0130zmir B\u00fcy\u00fck\u015fehir Belediye Ba\u015fkan\u0131 Cemil Tugay, \u00c7ankaya Katl\u0131 Otopark\u0131\u2019n\u0131n kapat\u0131lmas\u0131na ili\u015fkin tart\u0131\u015fmalara y\u00f6nelik, \u201cRiskli yap\u0131 tescili bulunan bir binada otopark i\u015fletmesi yapmak hukuken m\u00fcmk\u00fcn de\u011fildir\u201d dedi.\u0130zmir B\u00fcy\u00fck\u015fehir Belediye Ba\u015fkan\u0131 Cemil Tugay, \u00c7ankaya Katl\u0131 Otopark\u0131\u2019n\u0131n kapat\u0131lmas\u0131na ili\u015fkin tart\u0131\u015fmalara y\u00f6nelik, \u201cRiskli yap\u0131 tescili bulunan bir binada otopark i\u015fletmesi yapmak hukuken m\u00fcmk\u00fcn de\u011fildir\u201d dedi.\u00a0<a href=\"https:\/\/www.cumhuriyet.com.tr\/turkiye\/cemil-tugay-dan-cankaya-katli-otoparki-aciklamasi-hukuken-mumkun-degil-2500388\" target=\"_blank\" class=\"feedzy-rss-link-icon\">Read More<\/a><\/p>","protected":false},"excerpt":{"rendered":"<p>\u0130zmir B\u00fcy\u00fck\u015fehir Belediye Ba\u015fkan\u0131 Cemil Tugay, \u00c7ankaya Katl\u0131 Otopark\u0131\u2019n\u0131n kapat\u0131lmas\u0131na ili\u015fkin tart\u0131\u015fmalara y\u00f6nelik, \u201cRiskli yap\u0131 tescili bulunan bir binada otopark i\u015fletmesi yapmak hukuken m\u00fcmk\u00fcn de\u011fildir\u201d dedi.\u0130zmir B\u00fcy\u00fck\u015fehir Belediye Ba\u015fkan\u0131 Cemil Tugay, \u00c7ankaya Katl\u0131 Otopark\u0131\u2019n\u0131n kapat\u0131lmas\u0131na ili\u015fkin tart\u0131\u015fmalara y\u00f6nelik, \u201cRiskli yap\u0131 tescili bulunan bir binada otopark i\u015fletmesi yapmak hukuken m\u00fcmk\u00fcn de\u011fildir\u201d dedi.\u00a0Read More<\/p>\n","protected":false},"author":1,"featured_media":28266,"comment_status":"open","ping_status":"open","sticky":false,"template":"","format":"standard","meta":{"footnotes":"","_links_to":"","_links_to_target":""},"categories":[1],"tags":[],"class_list":["post-28265","post","type-post","status-publish","format-standard","has-post-thumbnail","hentry","category-haberler"],"_links":{"self":[{"href":"https:\/\/www.abchukuk.com\/index.php\/wp-json\/wp\/v2\/posts\/28265","targetHints":{"allow":["GET"]}}],"collection":[{"href":"https:\/\/www.abchukuk.com\/index.php\/wp-json\/wp\/v2\/posts"}],"about":[{"href":"https:\/\/www.abchukuk.com\/index.php\/wp-json\/wp\/v2\/types\/post"}],"author":[{"embeddable":true,"href":"https:\/\/www.abchukuk.com\/index.php\/wp-json\/wp\/v2\/users\/1"}],"replies":[{"embeddable":true,"href":"https:\/\/www.abchukuk.com\/index.php\/wp-json\/wp\/v2\/comments?post=28265"}],"version-history":[{"count":0,"href":"https:\/\/www.abchukuk.com\/index.php\/wp-json\/wp\/v2\/posts\/28265\/revisions"}],"wp:featuredmedia":[{"embeddable":true,"href":"https:\/\/www.abchukuk.com\/index.php\/wp-json\/wp\/v2\/media\/28266"}],"wp:attachment":[{"href":"https:\/\/www.abchukuk.com\/index.php\/wp-json\/wp\/v2\/media?parent=28265"}],"wp:term":[{"taxonomy":"category","embeddable":true,"href":"https:\/\/www.abchukuk.com\/index.php\/wp-json\/wp\/v2\/categories?post=28265"},{"taxonomy":"post_tag","embeddable":true,"href":"https:\/\/www.abchukuk.com\/index.php\/wp-json\/wp\/v2\/tags?post=28265"}],"curies":[{"name":"wp","href":"https:\/\/api.w.org\/{rel}","templated":true}]}}