{"id":28262,"date":"2026-05-02T10:37:01","date_gmt":"2026-05-02T10:37:01","guid":{"rendered":"https:\/\/www.abchukuk.com\/index.php\/2026\/05\/02\/avukata-bicak-dayandi-supheli-serbest-birakildi-yargi-camiasinda-tepki-buyuyor\/"},"modified":"2026-05-02T10:37:01","modified_gmt":"2026-05-02T10:37:01","slug":"avukata-bicak-dayandi-supheli-serbest-birakildi-yargi-camiasinda-tepki-buyuyor","status":"publish","type":"post","link":"https:\/\/www.abchukuk.com\/index.php\/2026\/05\/02\/avukata-bicak-dayandi-supheli-serbest-birakildi-yargi-camiasinda-tepki-buyuyor\/","title":{"rendered":"AVUKATA BI\u00c7AK DAYANDI, \u015e\u00dcPHEL\u0130 SERBEST BIRAKILDI! YARGI CAM\u0130ASINDA TEPK\u0130 B\u00dcY\u00dcYOR!"},"content":{"rendered":"<p>SON.TV\/ERZURUM<\/p>\n<p>\u00a0<\/p>\n<p>B\u00dcRODA DEH\u015eET: \u201cSEN\u0130 \u00d6LD\u00dcRMEYE GELD\u0130M\u201d<\/p>\n<p>Erzurum\u2019un Yakutiye il\u00e7esinde bir hukuk b\u00fcrosunda ya\u015fanan olayda, banka bor\u00e7lusu oldu\u011fu \u00f6\u011frenilen K.P. isimli \u015fah\u0131s g\u00f6r\u00fc\u015fme bahanesiyle i\u00e7eri girdi. K\u0131sa s\u00fcre sonra agresifle\u015fen \u015fah\u0131s, yan\u0131nda ta\u015f\u0131d\u0131\u011f\u0131 b\u0131\u00e7a\u011f\u0131 \u00e7\u0131kararak avukat Taha Ba\u011fa\u00e7l\u0131\u2019n\u0131n bo\u011faz\u0131na dayad\u0131.<\/p>\n<p>Ba\u011fa\u00e7l\u0131\u2019n\u0131n ifadesine g\u00f6re sald\u0131rgan, \u201cSeni \u00f6ld\u00fcrmeye geldim\u201d diyerek tehditler savurdu. Ofiste ya\u015fanan panik anlar\u0131 g\u00fcvenlik kameralar\u0131na yans\u0131d\u0131.<\/p>\n<p>POL\u0130SE SI\u011eINDI, SALDIRGAN TAK\u0130P ETT\u0130<\/p>\n<p>Sald\u0131rgan\u0131n b\u00fcroyu terk etmemesi \u00fczerine f\u0131rsat bulan avukat Ba\u011fa\u00e7l\u0131, Yakutiye \u0130l\u00e7e Emniyet M\u00fcd\u00fcrl\u00fc\u011f\u00fc\u2019ne s\u0131\u011f\u0131nd\u0131. Ancak \u015f\u00fcphelinin pe\u015finden geldi\u011fi \u00f6\u011frenildi. Polis ekiplerinin m\u00fcdahalesiyle K.P. g\u00f6zalt\u0131na al\u0131nd\u0131.<\/p>\n<p>\u201c\u00d6LD\u00dcRMEYE TE\u015eEBB\u00dcS\u201d \u0130DD\u0130ASI\u2026 AMA SERBEST<\/p>\n<p>\u015eikayet\u00e7i olan Ba\u011fa\u00e7l\u0131, olay\u0131n \u201ckasten \u00f6ld\u00fcrmeye te\u015febb\u00fcs\u201d oldu\u011funu belirterek hukuki s\u00fcre\u00e7 ba\u015flatt\u0131. Ancak savc\u0131l\u0131k, \u015f\u00fcpheliyi farkl\u0131 bir su\u00e7tan mahkemeye sevk etti.<\/p>\n<p>Sulh Ceza Hakimli\u011fi ise K.P.\u2019nin adli kontrol \u015fart\u0131yla serbest b\u0131rak\u0131lmas\u0131na karar verdi. Bu karar, hukuk \u00e7evrelerinde \u201cyetersiz tedbir\u201d ele\u015ftirilerini beraberinde getirdi.<\/p>\n<p>ERZURUM BAROSU\u2019NDAN SERT TEPK\u0130<\/p>\n<p>Ya\u015fanan olay sonras\u0131 Erzurum Barosu dikkat \u00e7eken bir ad\u0131m att\u0131. Baro y\u00f6netimi, avukatlara y\u00f6nelik sald\u0131r\u0131lara tepki olarak CMK Otomasyon Sistemi\u2019ni kapatt\u0131\u011f\u0131n\u0131 duyurdu.<\/p>\n<p>Yap\u0131lan a\u00e7\u0131klamada, g\u00f6revlendirmelerin art\u0131k yaln\u0131zca yaz\u0131l\u0131 ba\u015fvurularla yap\u0131laca\u011f\u0131 belirtildi.<\/p>\n<p>BURSA\u2019DA C\u0130NAYET, ERZURUM\u2019DA SALDIRI\u2026 ORTAK NOKTA: AVUKATLAR HEDEFTE<\/p>\n<p>Bu olay, k\u0131sa s\u00fcre \u00f6nce Bursa\u2019da ya\u015fanan ve avukat Hatice Kocaefe\u2019nin hayat\u0131n\u0131 kaybetti\u011fi silahl\u0131 sald\u0131r\u0131n\u0131n ard\u0131ndan geldi.<\/p>\n<p>Son d\u00f6nemde art arda ya\u015fanan bu olaylar, avukatlar\u0131n g\u00f6revleri nedeniyle hedef haline geldi\u011fi y\u00f6n\u00fcndeki endi\u015feleri art\u0131rd\u0131.<\/p>\n<p>Hukuk\u00e7ular, \u00f6zellikle tehdit ve sald\u0131r\u0131 i\u00e7eren vakalarda daha a\u011f\u0131r ve cayd\u0131r\u0131c\u0131 tedbirler al\u0131nmas\u0131 gerekti\u011fini vurguluyor.<\/p>\n<p>YARGI CAM\u0130ASINDA SORU: KORUMA YETERL\u0130 M\u0130?<\/p>\n<p>Pe\u015f pe\u015fe gelen sald\u0131r\u0131lar sonras\u0131 g\u00f6zler al\u0131nan \u00f6nlemlere \u00e7evrildi.<\/p>\n<p>Avukatlara y\u00f6nelik \u015fiddetin \u00f6nlenmesi i\u00e7in mevcut yasal d\u00fczenlemelerin yeterli olup olmad\u0131\u011f\u0131 tart\u0131\u015f\u0131l\u0131rken, adli kontrol kararlar\u0131 da kamuoyunda sorgulan\u0131yor.<\/p>\n<p>\u00a0<\/p>\n<p>ET\u0130KETLER<\/p>\n<p>#Avukat #Erzurum #AdliKontrol #Hukuk #SonDakika #Bursa #\u015eiddet #Yarg\u0131 #CMK #G\u00fcndem<\/p>\n<p>Bursa\u2019da Avukat Hatice Kocaefe\u2019nin \u00f6ld\u00fcr\u00fclmesinin ard\u0131ndan bu kez Erzurum\u2019da bir hukuk b\u00fcrosunda ya\u015fanan b\u0131\u00e7akl\u0131 sald\u0131r\u0131, yarg\u0131 camias\u0131n\u0131 aya\u011fa kald\u0131rd\u0131. Avukat Taha Ba\u011fa\u00e7l\u0131\u2019n\u0131n bo\u011faz\u0131na b\u0131\u00e7ak dayayan \u015f\u00fcphelinin adli kontrolle serbest b\u0131rak\u0131lmas\u0131 tart\u0131\u015fma yaratt\u0131.\u00a0<a href=\"https:\/\/www.son.tv\/avukata-bicak-dayandi-supheli-serbest-birakildi-yargi-camiasinda-tepki-buyuyor\/\" target=\"_blank\" class=\"feedzy-rss-link-icon\">Read More<\/a><\/p>","protected":false},"excerpt":{"rendered":"<p>SON.TV\/ERZURUM \u00a0 B\u00dcRODA DEH\u015eET: \u201cSEN\u0130 \u00d6LD\u00dcRMEYE GELD\u0130M\u201d Erzurum\u2019un Yakutiye il\u00e7esinde bir hukuk b\u00fcrosunda ya\u015fanan olayda, banka bor\u00e7lusu oldu\u011fu \u00f6\u011frenilen K.P. isimli \u015fah\u0131s g\u00f6r\u00fc\u015fme bahanesiyle i\u00e7eri girdi. K\u0131sa s\u00fcre sonra agresifle\u015fen \u015fah\u0131s, yan\u0131nda ta\u015f\u0131d\u0131\u011f\u0131 b\u0131\u00e7a\u011f\u0131 \u00e7\u0131kararak avukat Taha Ba\u011fa\u00e7l\u0131\u2019n\u0131n bo\u011faz\u0131na dayad\u0131. Ba\u011fa\u00e7l\u0131\u2019n\u0131n ifadesine g\u00f6re sald\u0131rgan, \u201cSeni \u00f6ld\u00fcrmeye geldim\u201d diyerek tehditler savurdu. Ofiste ya\u015fanan panik anlar\u0131 g\u00fcvenlik [&hellip;]<\/p>\n","protected":false},"author":1,"featured_media":0,"comment_status":"open","ping_status":"open","sticky":false,"template":"","format":"standard","meta":{"footnotes":"","_links_to":"","_links_to_target":""},"categories":[1],"tags":[],"class_list":["post-28262","post","type-post","status-publish","format-standard","hentry","category-haberler"],"_links":{"self":[{"href":"https:\/\/www.abchukuk.com\/index.php\/wp-json\/wp\/v2\/posts\/28262","targetHints":{"allow":["GET"]}}],"collection":[{"href":"https:\/\/www.abchukuk.com\/index.php\/wp-json\/wp\/v2\/posts"}],"about":[{"href":"https:\/\/www.abchukuk.com\/index.php\/wp-json\/wp\/v2\/types\/post"}],"author":[{"embeddable":true,"href":"https:\/\/www.abchukuk.com\/index.php\/wp-json\/wp\/v2\/users\/1"}],"replies":[{"embeddable":true,"href":"https:\/\/www.abchukuk.com\/index.php\/wp-json\/wp\/v2\/comments?post=28262"}],"version-history":[{"count":0,"href":"https:\/\/www.abchukuk.com\/index.php\/wp-json\/wp\/v2\/posts\/28262\/revisions"}],"wp:attachment":[{"href":"https:\/\/www.abchukuk.com\/index.php\/wp-json\/wp\/v2\/media?parent=28262"}],"wp:term":[{"taxonomy":"category","embeddable":true,"href":"https:\/\/www.abchukuk.com\/index.php\/wp-json\/wp\/v2\/categories?post=28262"},{"taxonomy":"post_tag","embeddable":true,"href":"https:\/\/www.abchukuk.com\/index.php\/wp-json\/wp\/v2\/tags?post=28262"}],"curies":[{"name":"wp","href":"https:\/\/api.w.org\/{rel}","templated":true}]}}