{"id":28249,"date":"2026-05-02T08:23:18","date_gmt":"2026-05-02T08:23:18","guid":{"rendered":"https:\/\/www.abchukuk.com\/index.php\/2026\/05\/02\/1-mayista-gozaltina-alinan-576-kisi-serbest-kaldi\/"},"modified":"2026-05-02T08:23:18","modified_gmt":"2026-05-02T08:23:18","slug":"1-mayista-gozaltina-alinan-576-kisi-serbest-kaldi","status":"publish","type":"post","link":"https:\/\/www.abchukuk.com\/index.php\/2026\/05\/02\/1-mayista-gozaltina-alinan-576-kisi-serbest-kaldi\/","title":{"rendered":"1 May\u0131s&#8217;ta G\u00f6zalt\u0131na Al\u0131nan 576 Ki\u015fi Serbest Kald\u0131"},"content":{"rendered":"<p><a href=\"https:\/\/www.gercekgundem.com\/guncel\/1-mayista-gozaltina-alinan-576-kisi-serbest-kaldi-570776\"><br \/>\n                                                            <img decoding=\"async\" src=\"https:\/\/i.gercekgundem.com\/2\/150\/84\/storage\/files\/images\/2026\/05\/02\/1-mayista-gozaltina-alinan-576-kisi-serbest-kaldi-0weq.jpg\" width=\"150\" height=\"84\" border=\"0\" align=\"right\" \/><br \/>\n                                                    <\/a><\/p>\n<h4>\u00c7a\u011fda\u015f Hukuk\u00e7ular Derne\u011fi, 1 May\u0131s eylemleri s\u0131ras\u0131nda g\u00f6zalt\u0131na al\u0131nan 576 ki\u015finin tamam\u0131n\u0131n serbest b\u0131rak\u0131ld\u0131\u011f\u0131n\u0131 duyurdu. Taksim Meydan\u0131\u2019na \u00e7\u0131kmak isteyenler aras\u0131nda yer alan ki\u015filerle ilgili i\u015flemlerin tamamland\u0131\u011f\u0131 belirtilirken, 28 Nisan\u2019da d\u00fczenlenen operasyonlarda ise 14 ki\u015fi hakk\u0131nda tutuklama, 9 ki\u015fi hakk\u0131nda ev hapsi karar\u0131 verildi\u011fi aktar\u0131ld\u0131.<\/h4>\n<p>\u00c7a\u011fda\u015f Hukuk\u00e7ular Derne\u011fi, 1 May\u0131s eylemleri s\u0131ras\u0131nda g\u00f6zalt\u0131na al\u0131nan 576 ki\u015finin tamam\u0131n\u0131n serbest b\u0131rak\u0131ld\u0131\u011f\u0131n\u0131 duyurdu. Taksim Meydan\u0131\u2019na \u00e7\u0131kmak isteyenler aras\u0131nda yer alan ki\u015filerle ilgili i\u015flemlerin tamamland\u0131\u011f\u0131 belirtilirken, 28 Nisan\u2019da d\u00fczenlenen operasyonlarda ise 14 ki\u015fi hakk\u0131nda tutuklama, 9 ki\u015fi hakk\u0131nda ev hapsi karar\u0131 verildi\u011fi aktar\u0131ld\u0131.\u00a0<a href=\"https:\/\/www.gercekgundem.com\/guncel\/1-mayista-gozaltina-alinan-576-kisi-serbest-kaldi-570776\" target=\"_blank\" class=\"feedzy-rss-link-icon\">Read More<\/a><\/p>","protected":false},"excerpt":{"rendered":"<p>\u00c7a\u011fda\u015f Hukuk\u00e7ular Derne\u011fi, 1 May\u0131s eylemleri s\u0131ras\u0131nda g\u00f6zalt\u0131na al\u0131nan 576 ki\u015finin tamam\u0131n\u0131n serbest b\u0131rak\u0131ld\u0131\u011f\u0131n\u0131 duyurdu. Taksim Meydan\u0131\u2019na \u00e7\u0131kmak isteyenler aras\u0131nda yer alan ki\u015filerle ilgili i\u015flemlerin tamamland\u0131\u011f\u0131 belirtilirken, 28 Nisan\u2019da d\u00fczenlenen operasyonlarda ise 14 ki\u015fi hakk\u0131nda tutuklama, 9 ki\u015fi hakk\u0131nda ev hapsi karar\u0131 verildi\u011fi aktar\u0131ld\u0131. \u00c7a\u011fda\u015f Hukuk\u00e7ular Derne\u011fi, 1 May\u0131s eylemleri s\u0131ras\u0131nda g\u00f6zalt\u0131na al\u0131nan 576 ki\u015finin [&hellip;]<\/p>\n","protected":false},"author":1,"featured_media":28251,"comment_status":"open","ping_status":"open","sticky":false,"template":"","format":"standard","meta":{"footnotes":"","_links_to":"","_links_to_target":""},"categories":[1],"tags":[],"class_list":["post-28249","post","type-post","status-publish","format-standard","has-post-thumbnail","hentry","category-haberler"],"_links":{"self":[{"href":"https:\/\/www.abchukuk.com\/index.php\/wp-json\/wp\/v2\/posts\/28249","targetHints":{"allow":["GET"]}}],"collection":[{"href":"https:\/\/www.abchukuk.com\/index.php\/wp-json\/wp\/v2\/posts"}],"about":[{"href":"https:\/\/www.abchukuk.com\/index.php\/wp-json\/wp\/v2\/types\/post"}],"author":[{"embeddable":true,"href":"https:\/\/www.abchukuk.com\/index.php\/wp-json\/wp\/v2\/users\/1"}],"replies":[{"embeddable":true,"href":"https:\/\/www.abchukuk.com\/index.php\/wp-json\/wp\/v2\/comments?post=28249"}],"version-history":[{"count":0,"href":"https:\/\/www.abchukuk.com\/index.php\/wp-json\/wp\/v2\/posts\/28249\/revisions"}],"wp:featuredmedia":[{"embeddable":true,"href":"https:\/\/www.abchukuk.com\/index.php\/wp-json\/wp\/v2\/media\/28251"}],"wp:attachment":[{"href":"https:\/\/www.abchukuk.com\/index.php\/wp-json\/wp\/v2\/media?parent=28249"}],"wp:term":[{"taxonomy":"category","embeddable":true,"href":"https:\/\/www.abchukuk.com\/index.php\/wp-json\/wp\/v2\/categories?post=28249"},{"taxonomy":"post_tag","embeddable":true,"href":"https:\/\/www.abchukuk.com\/index.php\/wp-json\/wp\/v2\/tags?post=28249"}],"curies":[{"name":"wp","href":"https:\/\/api.w.org\/{rel}","templated":true}]}}