{"id":28238,"date":"2026-05-02T06:21:00","date_gmt":"2026-05-02T06:21:00","guid":{"rendered":"https:\/\/www.abchukuk.com\/index.php\/2026\/05\/02\/1-mayista-son-durum-gozaltina-alinan-576-kisi-serbest-birakildi\/"},"modified":"2026-05-02T06:21:00","modified_gmt":"2026-05-02T06:21:00","slug":"1-mayista-son-durum-gozaltina-alinan-576-kisi-serbest-birakildi","status":"publish","type":"post","link":"https:\/\/www.abchukuk.com\/index.php\/2026\/05\/02\/1-mayista-son-durum-gozaltina-alinan-576-kisi-serbest-birakildi\/","title":{"rendered":"1 May\u0131s&#8217;ta son durum: G\u00f6zalt\u0131na al\u0131nan 576 ki\u015fi serbest b\u0131rak\u0131ld\u0131"},"content":{"rendered":"<p>\u00c7a\u011fda\u015f Hukuk\u00e7ular Derne\u011fi (\u00c7HD), 1 May\u0131s eylemlerinde g\u00f6zalt\u0131na al\u0131nan 576 ki\u015finin tamam\u0131n\u0131n serbest b\u0131rak\u0131ld\u0131\u011f\u0131n\u0131 a\u00e7\u0131klad\u0131. B\u00f6ylece 1 May\u0131s\u2019ta Taksim Meydan\u0131&#8217;nda olmak istedikleri i\u00e7in g\u00f6zalt\u0131na al\u0131nanan 576 ki\u015finin tamam\u0131 serbest b\u0131rak\u0131lm\u0131\u015f oldu.\u00c7a\u011fda\u015f Hukuk\u00e7ular Derne\u011fi (\u00c7HD), 1 May\u0131s eylemlerinde g\u00f6zalt\u0131na al\u0131nan 576 ki\u015finin tamam\u0131n\u0131n serbest b\u0131rak\u0131ld\u0131\u011f\u0131n\u0131 a\u00e7\u0131klad\u0131. B\u00f6ylece 1 May\u0131s\u2019ta Taksim Meydan\u0131&#8217;nda olmak istedikleri i\u00e7in g\u00f6zalt\u0131na al\u0131nanan 576 ki\u015finin tamam\u0131 serbest b\u0131rak\u0131lm\u0131\u015f oldu.\u00a0<a href=\"https:\/\/www.cumhuriyet.com.tr\/turkiye\/chd-acikladi-1-mayis-gozaltilarinda-son-durum-2500330\" target=\"_blank\" class=\"feedzy-rss-link-icon\">Read More<\/a><\/p>","protected":false},"excerpt":{"rendered":"<p>\u00c7a\u011fda\u015f Hukuk\u00e7ular Derne\u011fi (\u00c7HD), 1 May\u0131s eylemlerinde g\u00f6zalt\u0131na al\u0131nan 576 ki\u015finin tamam\u0131n\u0131n serbest b\u0131rak\u0131ld\u0131\u011f\u0131n\u0131 a\u00e7\u0131klad\u0131. B\u00f6ylece 1 May\u0131s\u2019ta Taksim Meydan\u0131&#8217;nda olmak istedikleri i\u00e7in g\u00f6zalt\u0131na al\u0131nanan 576 ki\u015finin tamam\u0131 serbest b\u0131rak\u0131lm\u0131\u015f oldu.\u00c7a\u011fda\u015f Hukuk\u00e7ular Derne\u011fi (\u00c7HD), 1 May\u0131s eylemlerinde g\u00f6zalt\u0131na al\u0131nan 576 ki\u015finin tamam\u0131n\u0131n serbest b\u0131rak\u0131ld\u0131\u011f\u0131n\u0131 a\u00e7\u0131klad\u0131. B\u00f6ylece 1 May\u0131s\u2019ta Taksim Meydan\u0131&#8217;nda olmak istedikleri i\u00e7in g\u00f6zalt\u0131na al\u0131nanan [&hellip;]<\/p>\n","protected":false},"author":1,"featured_media":28239,"comment_status":"open","ping_status":"open","sticky":false,"template":"","format":"standard","meta":{"footnotes":"","_links_to":"","_links_to_target":""},"categories":[1],"tags":[],"class_list":["post-28238","post","type-post","status-publish","format-standard","has-post-thumbnail","hentry","category-haberler"],"_links":{"self":[{"href":"https:\/\/www.abchukuk.com\/index.php\/wp-json\/wp\/v2\/posts\/28238","targetHints":{"allow":["GET"]}}],"collection":[{"href":"https:\/\/www.abchukuk.com\/index.php\/wp-json\/wp\/v2\/posts"}],"about":[{"href":"https:\/\/www.abchukuk.com\/index.php\/wp-json\/wp\/v2\/types\/post"}],"author":[{"embeddable":true,"href":"https:\/\/www.abchukuk.com\/index.php\/wp-json\/wp\/v2\/users\/1"}],"replies":[{"embeddable":true,"href":"https:\/\/www.abchukuk.com\/index.php\/wp-json\/wp\/v2\/comments?post=28238"}],"version-history":[{"count":0,"href":"https:\/\/www.abchukuk.com\/index.php\/wp-json\/wp\/v2\/posts\/28238\/revisions"}],"wp:featuredmedia":[{"embeddable":true,"href":"https:\/\/www.abchukuk.com\/index.php\/wp-json\/wp\/v2\/media\/28239"}],"wp:attachment":[{"href":"https:\/\/www.abchukuk.com\/index.php\/wp-json\/wp\/v2\/media?parent=28238"}],"wp:term":[{"taxonomy":"category","embeddable":true,"href":"https:\/\/www.abchukuk.com\/index.php\/wp-json\/wp\/v2\/categories?post=28238"},{"taxonomy":"post_tag","embeddable":true,"href":"https:\/\/www.abchukuk.com\/index.php\/wp-json\/wp\/v2\/tags?post=28238"}],"curies":[{"name":"wp","href":"https:\/\/api.w.org\/{rel}","templated":true}]}}