{"id":28230,"date":"2026-05-02T07:48:00","date_gmt":"2026-05-02T07:48:00","guid":{"rendered":"https:\/\/www.abchukuk.com\/index.php\/2026\/05\/02\/tutuklu-kusadasi-belediye-baskani-gunelden-1-mayis-mektubu\/"},"modified":"2026-05-02T07:48:00","modified_gmt":"2026-05-02T07:48:00","slug":"tutuklu-kusadasi-belediye-baskani-gunelden-1-mayis-mektubu","status":"publish","type":"post","link":"https:\/\/www.abchukuk.com\/index.php\/2026\/05\/02\/tutuklu-kusadasi-belediye-baskani-gunelden-1-mayis-mektubu\/","title":{"rendered":"Tutuklu Ku\u015fadas\u0131 Belediye Ba\u015fkan\u0131 G\u00fcnel&#8217;den &#8216;1 May\u0131s&#8217; mektubu"},"content":{"rendered":"<p>Tutuklu Ku\u015fadas\u0131 Belediye Ba\u015fkan\u0131 \u00d6mer G\u00fcnel, Silivri&#8217;den g\u00f6nderdi\u011fi mektubunda 1 May\u0131s Emek ve Dayan\u0131\u015fma G\u00fcn\u00fc&#8217;n\u00fc kutlad\u0131. G\u00fcnel mektubunda &#8220;Hukuk Devleti ilkesinin yok say\u0131ld\u0131\u011f\u0131 bir \u00fclkede, iftirac\u0131 Aziz \u0130hsan Akta\u015f devlet korumas\u0131 ile \u00f6zel korumayla getirilir, kay\u0131r\u0131l\u0131r. \u0130hanetin, ilkesizli\u011fin markas\u0131 haline gelen topuklayan korkaklar, ba\u015f tac\u0131 edilir&#8221; dedi.Tutuklu Ku\u015fadas\u0131 Belediye Ba\u015fkan\u0131 \u00d6mer G\u00fcnel, Silivri&#8217;den g\u00f6nderdi\u011fi mektubunda 1 May\u0131s Emek ve Dayan\u0131\u015fma G\u00fcn\u00fc&#8217;n\u00fc kutlad\u0131. G\u00fcnel mektubunda &#8220;Hukuk Devleti ilkesinin yok say\u0131ld\u0131\u011f\u0131 bir \u00fclkede, iftirac\u0131 Aziz \u0130hsan Akta\u015f devlet korumas\u0131 ile \u00f6zel korumayla getirilir, kay\u0131r\u0131l\u0131r. \u0130hanetin, ilkesizli\u011fin markas\u0131 haline gelen topuklayan korkaklar, ba\u015f tac\u0131 edilir&#8221; dedi.\u00a0<a href=\"https:\/\/www.cumhuriyet.com.tr\/siyaset\/tutuklu-kusadasi-belediye-baskani-gunel-den-1-mayis-mektubu-2500361\" target=\"_blank\" class=\"feedzy-rss-link-icon\">Read More<\/a><\/p>","protected":false},"excerpt":{"rendered":"<p>Tutuklu Ku\u015fadas\u0131 Belediye Ba\u015fkan\u0131 \u00d6mer G\u00fcnel, Silivri&#8217;den g\u00f6nderdi\u011fi mektubunda 1 May\u0131s Emek ve Dayan\u0131\u015fma G\u00fcn\u00fc&#8217;n\u00fc kutlad\u0131. G\u00fcnel mektubunda &#8220;Hukuk Devleti ilkesinin yok say\u0131ld\u0131\u011f\u0131 bir \u00fclkede, iftirac\u0131 Aziz \u0130hsan Akta\u015f devlet korumas\u0131 ile \u00f6zel korumayla getirilir, kay\u0131r\u0131l\u0131r. \u0130hanetin, ilkesizli\u011fin markas\u0131 haline gelen topuklayan korkaklar, ba\u015f tac\u0131 edilir&#8221; dedi.Tutuklu Ku\u015fadas\u0131 Belediye Ba\u015fkan\u0131 \u00d6mer G\u00fcnel, Silivri&#8217;den g\u00f6nderdi\u011fi mektubunda [&hellip;]<\/p>\n","protected":false},"author":1,"featured_media":28231,"comment_status":"open","ping_status":"open","sticky":false,"template":"","format":"standard","meta":{"footnotes":"","_links_to":"","_links_to_target":""},"categories":[1],"tags":[],"class_list":["post-28230","post","type-post","status-publish","format-standard","has-post-thumbnail","hentry","category-haberler"],"_links":{"self":[{"href":"https:\/\/www.abchukuk.com\/index.php\/wp-json\/wp\/v2\/posts\/28230","targetHints":{"allow":["GET"]}}],"collection":[{"href":"https:\/\/www.abchukuk.com\/index.php\/wp-json\/wp\/v2\/posts"}],"about":[{"href":"https:\/\/www.abchukuk.com\/index.php\/wp-json\/wp\/v2\/types\/post"}],"author":[{"embeddable":true,"href":"https:\/\/www.abchukuk.com\/index.php\/wp-json\/wp\/v2\/users\/1"}],"replies":[{"embeddable":true,"href":"https:\/\/www.abchukuk.com\/index.php\/wp-json\/wp\/v2\/comments?post=28230"}],"version-history":[{"count":0,"href":"https:\/\/www.abchukuk.com\/index.php\/wp-json\/wp\/v2\/posts\/28230\/revisions"}],"wp:featuredmedia":[{"embeddable":true,"href":"https:\/\/www.abchukuk.com\/index.php\/wp-json\/wp\/v2\/media\/28231"}],"wp:attachment":[{"href":"https:\/\/www.abchukuk.com\/index.php\/wp-json\/wp\/v2\/media?parent=28230"}],"wp:term":[{"taxonomy":"category","embeddable":true,"href":"https:\/\/www.abchukuk.com\/index.php\/wp-json\/wp\/v2\/categories?post=28230"},{"taxonomy":"post_tag","embeddable":true,"href":"https:\/\/www.abchukuk.com\/index.php\/wp-json\/wp\/v2\/tags?post=28230"}],"curies":[{"name":"wp","href":"https:\/\/api.w.org\/{rel}","templated":true}]}}