{"id":2823,"date":"2025-08-29T21:50:00","date_gmt":"2025-08-29T21:50:00","guid":{"rendered":"http:\/\/www.lopsssdoner.com\/index.php\/2025\/08\/29\/meclisin-soykirim-bildirisi-resmi-gazetede-yayimlandi\/"},"modified":"2025-08-29T21:50:00","modified_gmt":"2025-08-29T21:50:00","slug":"meclisin-soykirim-bildirisi-resmi-gazetede-yayimlandi","status":"publish","type":"post","link":"https:\/\/www.abchukuk.com\/index.php\/2025\/08\/29\/meclisin-soykirim-bildirisi-resmi-gazetede-yayimlandi\/","title":{"rendered":"Meclis\u2019in soyk\u0131r\u0131m bildirisi Resmi Gazete\u2019de yay\u0131mland\u0131"},"content":{"rendered":"<p>Gazze i\u00e7in ola\u011fan\u00fcst\u00fc toplanan ve 442 milletvekilinin kat\u0131ld\u0131\u011f\u0131 TBMM Genel Kurulu&#8217;nda kabul edilen &#8220;\u0130srail\u2019in Gazze\u2019deki \u0130\u015fgalini Geni\u015fletme Karar\u0131 ve Filistin Halk\u0131na Yapt\u0131\u011f\u0131 Soyk\u0131r\u0131m&#8221; bildirisi, Resmi Gazete&#8217;de yay\u0131mland\u0131.Gazze i\u00e7in ola\u011fan\u00fcst\u00fc toplanan ve 442 milletvekilinin kat\u0131ld\u0131\u011f\u0131 TBMM Genel Kurulu&#8217;nda kabul edilen &#8220;\u0130srail\u2019in Gazze\u2019deki \u0130\u015fgalini Geni\u015fletme Karar\u0131 ve Filistin Halk\u0131na Yapt\u0131\u011f\u0131 Soyk\u0131r\u0131m&#8221; bildirisi, Resmi Gazete&#8217;de yay\u0131mland\u0131.\u00a0<a href=\"https:\/\/www.cumhuriyet.com.tr\/turkiye\/meclis-in-soykirim-bildirisi-resmi-gazete-de-yayimlandi-2430620\" target=\"_blank\" class=\"feedzy-rss-link-icon\">Read More<\/a><\/p>","protected":false},"excerpt":{"rendered":"<p>Gazze i\u00e7in ola\u011fan\u00fcst\u00fc toplanan ve 442 milletvekilinin kat\u0131ld\u0131\u011f\u0131 TBMM Genel Kurulu&#8217;nda kabul edilen &#8220;\u0130srail\u2019in Gazze\u2019deki \u0130\u015fgalini Geni\u015fletme Karar\u0131 ve Filistin Halk\u0131na Yapt\u0131\u011f\u0131 Soyk\u0131r\u0131m&#8221; bildirisi, Resmi Gazete&#8217;de yay\u0131mland\u0131.Gazze i\u00e7in ola\u011fan\u00fcst\u00fc toplanan ve 442 milletvekilinin kat\u0131ld\u0131\u011f\u0131 TBMM Genel Kurulu&#8217;nda kabul edilen &#8220;\u0130srail\u2019in Gazze\u2019deki \u0130\u015fgalini Geni\u015fletme Karar\u0131 ve Filistin Halk\u0131na Yapt\u0131\u011f\u0131 Soyk\u0131r\u0131m&#8221; bildirisi, Resmi Gazete&#8217;de yay\u0131mland\u0131.\u00a0Read More<\/p>\n","protected":false},"author":1,"featured_media":2824,"comment_status":"open","ping_status":"open","sticky":false,"template":"","format":"standard","meta":{"footnotes":"","_links_to":"","_links_to_target":""},"categories":[1],"tags":[],"class_list":["post-2823","post","type-post","status-publish","format-standard","has-post-thumbnail","hentry","category-haberler"],"_links":{"self":[{"href":"https:\/\/www.abchukuk.com\/index.php\/wp-json\/wp\/v2\/posts\/2823","targetHints":{"allow":["GET"]}}],"collection":[{"href":"https:\/\/www.abchukuk.com\/index.php\/wp-json\/wp\/v2\/posts"}],"about":[{"href":"https:\/\/www.abchukuk.com\/index.php\/wp-json\/wp\/v2\/types\/post"}],"author":[{"embeddable":true,"href":"https:\/\/www.abchukuk.com\/index.php\/wp-json\/wp\/v2\/users\/1"}],"replies":[{"embeddable":true,"href":"https:\/\/www.abchukuk.com\/index.php\/wp-json\/wp\/v2\/comments?post=2823"}],"version-history":[{"count":0,"href":"https:\/\/www.abchukuk.com\/index.php\/wp-json\/wp\/v2\/posts\/2823\/revisions"}],"wp:featuredmedia":[{"embeddable":true,"href":"https:\/\/www.abchukuk.com\/index.php\/wp-json\/wp\/v2\/media\/2824"}],"wp:attachment":[{"href":"https:\/\/www.abchukuk.com\/index.php\/wp-json\/wp\/v2\/media?parent=2823"}],"wp:term":[{"taxonomy":"category","embeddable":true,"href":"https:\/\/www.abchukuk.com\/index.php\/wp-json\/wp\/v2\/categories?post=2823"},{"taxonomy":"post_tag","embeddable":true,"href":"https:\/\/www.abchukuk.com\/index.php\/wp-json\/wp\/v2\/tags?post=2823"}],"curies":[{"name":"wp","href":"https:\/\/api.w.org\/{rel}","templated":true}]}}