{"id":28225,"date":"2026-05-01T21:12:41","date_gmt":"2026-05-01T21:12:41","guid":{"rendered":"https:\/\/www.abchukuk.com\/index.php\/2026\/05\/01\/2-mayis-2026-resmi-gazete-ilanlari\/"},"modified":"2026-05-01T21:12:41","modified_gmt":"2026-05-01T21:12:41","slug":"2-mayis-2026-resmi-gazete-ilanlari","status":"publish","type":"post","link":"https:\/\/www.abchukuk.com\/index.php\/2026\/05\/01\/2-mayis-2026-resmi-gazete-ilanlari\/","title":{"rendered":"2 May\u0131s 2026 Resmi Gazete ilanlar\u0131"},"content":{"rendered":"<p>2 May\u0131s Cumartesi tarihli Resmi Gazete yay\u0131mland\u0131. G\u00fcn\u00fcn say\u0131s\u0131nda y\u00f6netmelikler, ilanlar ve tebli\u011fler yer ald\u0131. Toplumun farkl\u0131 kesimlerini ilgilendiren d\u00fczenlemeler, her zamanki gibi yak\u0131ndan takip ediliyor. Resmi Gazete\u2019de yay\u0131mlanan kararlar ve y\u00f6netmelikler, kamuoyunu ilgilendiren pek \u00e7ok ba\u015fl\u0131kta \u00f6nemli bilgiler sunuyor. Peki, 2 May\u0131s 2026 Cumartesi g\u00fcn\u00fc Resmi Gazete\u2019de hangi kararlar a\u00e7\u0131kland\u0131? \u0130\u015fte t\u00fcm ayr\u0131nt\u0131lar haberimizde&#8230;2 May\u0131s Cumartesi tarihli Resmi Gazete yay\u0131mland\u0131. G\u00fcn\u00fcn say\u0131s\u0131nda y\u00f6netmelikler, ilanlar ve tebli\u011fler yer ald\u0131. Toplumun farkl\u0131 kesimlerini ilgilendiren d\u00fczenlemeler, her zamanki gibi yak\u0131ndan takip ediliyor. Resmi Gazete\u2019de yay\u0131mlanan kararlar ve y\u00f6netmelikler, kamuoyunu ilgilendiren pek \u00e7ok ba\u015fl\u0131kta \u00f6nemli bilgiler sunuyor. Peki, 2 May\u0131s 2026 Cumartesi g\u00fcn\u00fc Resmi Gazete\u2019de hangi kararlar a\u00e7\u0131kland\u0131? \u0130\u015fte t\u00fcm ayr\u0131nt\u0131lar haberimizde&#8230;\u00a0<a href=\"https:\/\/www.haberturk.com\/resmi-gazete-kararlari-2-mayis-2026-bugunku-resmi-gazete-yayimlandi-mi-2-mayis-ta-alinan-resmi-gazete-kararlari-neler-3881698\" target=\"_blank\" class=\"feedzy-rss-link-icon\">Read More<\/a><\/p>","protected":false},"excerpt":{"rendered":"<p>2 May\u0131s Cumartesi tarihli Resmi Gazete yay\u0131mland\u0131. G\u00fcn\u00fcn say\u0131s\u0131nda y\u00f6netmelikler, ilanlar ve tebli\u011fler yer ald\u0131. Toplumun farkl\u0131 kesimlerini ilgilendiren d\u00fczenlemeler, her zamanki gibi yak\u0131ndan takip ediliyor. Resmi Gazete\u2019de yay\u0131mlanan kararlar ve y\u00f6netmelikler, kamuoyunu ilgilendiren pek \u00e7ok ba\u015fl\u0131kta \u00f6nemli bilgiler sunuyor. Peki, 2 May\u0131s 2026 Cumartesi g\u00fcn\u00fc Resmi Gazete\u2019de hangi kararlar a\u00e7\u0131kland\u0131? \u0130\u015fte t\u00fcm ayr\u0131nt\u0131lar haberimizde&#8230;2 [&hellip;]<\/p>\n","protected":false},"author":1,"featured_media":0,"comment_status":"open","ping_status":"open","sticky":false,"template":"","format":"standard","meta":{"footnotes":"","_links_to":"","_links_to_target":""},"categories":[1],"tags":[],"class_list":["post-28225","post","type-post","status-publish","format-standard","hentry","category-haberler"],"_links":{"self":[{"href":"https:\/\/www.abchukuk.com\/index.php\/wp-json\/wp\/v2\/posts\/28225","targetHints":{"allow":["GET"]}}],"collection":[{"href":"https:\/\/www.abchukuk.com\/index.php\/wp-json\/wp\/v2\/posts"}],"about":[{"href":"https:\/\/www.abchukuk.com\/index.php\/wp-json\/wp\/v2\/types\/post"}],"author":[{"embeddable":true,"href":"https:\/\/www.abchukuk.com\/index.php\/wp-json\/wp\/v2\/users\/1"}],"replies":[{"embeddable":true,"href":"https:\/\/www.abchukuk.com\/index.php\/wp-json\/wp\/v2\/comments?post=28225"}],"version-history":[{"count":0,"href":"https:\/\/www.abchukuk.com\/index.php\/wp-json\/wp\/v2\/posts\/28225\/revisions"}],"wp:attachment":[{"href":"https:\/\/www.abchukuk.com\/index.php\/wp-json\/wp\/v2\/media?parent=28225"}],"wp:term":[{"taxonomy":"category","embeddable":true,"href":"https:\/\/www.abchukuk.com\/index.php\/wp-json\/wp\/v2\/categories?post=28225"},{"taxonomy":"post_tag","embeddable":true,"href":"https:\/\/www.abchukuk.com\/index.php\/wp-json\/wp\/v2\/tags?post=28225"}],"curies":[{"name":"wp","href":"https:\/\/api.w.org\/{rel}","templated":true}]}}