{"id":2822,"date":"2025-08-29T11:27:13","date_gmt":"2025-08-29T11:27:13","guid":{"rendered":"http:\/\/www.lopsssdoner.com\/index.php\/2025\/08\/29\/esek-gibi-bakacaksin-sozu-yargitayi-ikiye-boldu\/"},"modified":"2025-08-29T11:27:13","modified_gmt":"2025-08-29T11:27:13","slug":"esek-gibi-bakacaksin-sozu-yargitayi-ikiye-boldu","status":"publish","type":"post","link":"https:\/\/www.abchukuk.com\/index.php\/2025\/08\/29\/esek-gibi-bakacaksin-sozu-yargitayi-ikiye-boldu\/","title":{"rendered":"\u201cE\u015fek gibi bakacaks\u0131n\u201d s\u00f6z\u00fc Yarg\u0131tay&#8217;\u0131 ikiye b\u00f6ld\u00fc"},"content":{"rendered":"<p>Sivas Cumhuriyet \u00dcniversitesi Hastanesi&#8217;nde 2019&#8217;da ya\u015fanan tart\u0131\u015fma Yarg\u0131tay&#8217;\u0131 ikiye b\u00f6ld\u00fc. Hasta yak\u0131n\u0131n &#8220;E\u015fek gibi bakacaks\u0131n&#8221; s\u00f6z\u00fc i\u00e7in Yarg\u0131tay 4. Dairesi &#8220;Hakaret de\u011fil, kaba s\u00f6z&#8221; karar\u0131 verirken, Yarg\u0131tay Cumhuriyet Ba\u015fsavc\u0131l\u0131\u011f\u0131 ise &#8220;Hakaret&#8221; itiraz\u0131 yapt\u0131. Karar\u0131 Genel Kurul verecekSivas Cumhuriyet \u00dcniversitesi Hastanesi&#8217;nde 2019&#8217;da ya\u015fanan tart\u0131\u015fma Yarg\u0131tay&#8217;\u0131 ikiye b\u00f6ld\u00fc. Hasta yak\u0131n\u0131n &#8220;E\u015fek gibi bakacaks\u0131n&#8221; s\u00f6z\u00fc i\u00e7in Yarg\u0131tay 4. Dairesi &#8220;Hakaret de\u011fil, kaba s\u00f6z&#8221; karar\u0131 verirken, Yarg\u0131tay Cumhuriyet Ba\u015fsavc\u0131l\u0131\u011f\u0131 ise &#8220;Hakaret&#8221; itiraz\u0131 yapt\u0131. Karar\u0131 Genel Kurul verecek\u00a0<a href=\"https:\/\/www.haberturk.com\/son-dakika-esek-gibi-bakacaksin-sozu-yargitay-i-ikiye-boldu-3818473\" target=\"_blank\" class=\"feedzy-rss-link-icon\">Read More<\/a><\/p>","protected":false},"excerpt":{"rendered":"<p>Sivas Cumhuriyet \u00dcniversitesi Hastanesi&#8217;nde 2019&#8217;da ya\u015fanan tart\u0131\u015fma Yarg\u0131tay&#8217;\u0131 ikiye b\u00f6ld\u00fc. Hasta yak\u0131n\u0131n &#8220;E\u015fek gibi bakacaks\u0131n&#8221; s\u00f6z\u00fc i\u00e7in Yarg\u0131tay 4. Dairesi &#8220;Hakaret de\u011fil, kaba s\u00f6z&#8221; karar\u0131 verirken, Yarg\u0131tay Cumhuriyet Ba\u015fsavc\u0131l\u0131\u011f\u0131 ise &#8220;Hakaret&#8221; itiraz\u0131 yapt\u0131. Karar\u0131 Genel Kurul verecekSivas Cumhuriyet \u00dcniversitesi Hastanesi&#8217;nde 2019&#8217;da ya\u015fanan tart\u0131\u015fma Yarg\u0131tay&#8217;\u0131 ikiye b\u00f6ld\u00fc. Hasta yak\u0131n\u0131n &#8220;E\u015fek gibi bakacaks\u0131n&#8221; s\u00f6z\u00fc i\u00e7in Yarg\u0131tay 4. [&hellip;]<\/p>\n","protected":false},"author":1,"featured_media":0,"comment_status":"open","ping_status":"open","sticky":false,"template":"","format":"standard","meta":{"footnotes":"","_links_to":"","_links_to_target":""},"categories":[1],"tags":[],"class_list":["post-2822","post","type-post","status-publish","format-standard","hentry","category-haberler"],"_links":{"self":[{"href":"https:\/\/www.abchukuk.com\/index.php\/wp-json\/wp\/v2\/posts\/2822","targetHints":{"allow":["GET"]}}],"collection":[{"href":"https:\/\/www.abchukuk.com\/index.php\/wp-json\/wp\/v2\/posts"}],"about":[{"href":"https:\/\/www.abchukuk.com\/index.php\/wp-json\/wp\/v2\/types\/post"}],"author":[{"embeddable":true,"href":"https:\/\/www.abchukuk.com\/index.php\/wp-json\/wp\/v2\/users\/1"}],"replies":[{"embeddable":true,"href":"https:\/\/www.abchukuk.com\/index.php\/wp-json\/wp\/v2\/comments?post=2822"}],"version-history":[{"count":0,"href":"https:\/\/www.abchukuk.com\/index.php\/wp-json\/wp\/v2\/posts\/2822\/revisions"}],"wp:attachment":[{"href":"https:\/\/www.abchukuk.com\/index.php\/wp-json\/wp\/v2\/media?parent=2822"}],"wp:term":[{"taxonomy":"category","embeddable":true,"href":"https:\/\/www.abchukuk.com\/index.php\/wp-json\/wp\/v2\/categories?post=2822"},{"taxonomy":"post_tag","embeddable":true,"href":"https:\/\/www.abchukuk.com\/index.php\/wp-json\/wp\/v2\/tags?post=2822"}],"curies":[{"name":"wp","href":"https:\/\/api.w.org\/{rel}","templated":true}]}}