{"id":2821,"date":"2025-08-29T15:56:14","date_gmt":"2025-08-29T15:56:14","guid":{"rendered":"http:\/\/www.lopsssdoner.com\/index.php\/2025\/08\/29\/1i-kadin-5-kisi-gozaltinda-kafedeki-infazda-sir-perdesi-aralandi\/"},"modified":"2025-08-29T15:56:14","modified_gmt":"2025-08-29T15:56:14","slug":"1i-kadin-5-kisi-gozaltinda-kafedeki-infazda-sir-perdesi-aralandi","status":"publish","type":"post","link":"https:\/\/www.abchukuk.com\/index.php\/2025\/08\/29\/1i-kadin-5-kisi-gozaltinda-kafedeki-infazda-sir-perdesi-aralandi\/","title":{"rendered":"1&#8217;i kad\u0131n 5 ki\u015fi g\u00f6zalt\u0131nda&#8230; Kafedeki infazda s\u0131r perdesi araland\u0131!"},"content":{"rendered":"<p>\u0130stanbul \u00c7ekmek\u00f6y&#8217;de bir kafede yemek yerken silahl\u0131 sald\u0131r\u0131ya u\u011fray\u0131p hayat\u0131n\u0131 kaybeden eski Alemda\u011f Spor Kul\u00fcb\u00fc Ba\u015fkan\u0131 49 ya\u015f\u0131ndaki Tuncay Meri\u00e7\u2019in cinayetinde yeni geli\u015fme ya\u015fand\u0131. \u0130\u00e7i\u015fleri Bakan\u0131 Ali Yerlikaya, Meri\u00e7&#8217;in \u00f6ld\u00fcr\u00fclmesi olay\u0131yla ilgili \u015f\u00fcpheli E.H.&#8217;nin, Edirne&#8217;nin Uzunk\u00f6pr\u00fc il\u00e7esinde d\u00fczenlenen operasyonla yakaland\u0131\u011f\u0131n\u0131 a\u00e7\u0131klad\u0131. Olayla ilgili yap\u0131lan \u00e7al\u0131\u015fmalarda, 1 kad\u0131n 5 ki\u015fi daha g\u00f6zalt\u0131na al\u0131nd\u0131. Cinayetin alacak verecek meselesinden kaynakland\u0131\u011f\u0131 iddia ediliyor\u0130stanbul \u00c7ekmek\u00f6y&#8217;de bir kafede yemek yerken silahl\u0131 sald\u0131r\u0131ya u\u011fray\u0131p hayat\u0131n\u0131 kaybeden eski Alemda\u011f Spor Kul\u00fcb\u00fc Ba\u015fkan\u0131 49 ya\u015f\u0131ndaki Tuncay Meri\u00e7\u2019in cinayetinde yeni geli\u015fme ya\u015fand\u0131. \u0130\u00e7i\u015fleri Bakan\u0131 Ali Yerlikaya, Meri\u00e7&#8217;in \u00f6ld\u00fcr\u00fclmesi olay\u0131yla ilgili \u015f\u00fcpheli E.H.&#8217;nin, Edirne&#8217;nin Uzunk\u00f6pr\u00fc il\u00e7esinde d\u00fczenlenen operasyonla yakaland\u0131\u011f\u0131n\u0131 a\u00e7\u0131klad\u0131. Olayla ilgili yap\u0131lan \u00e7al\u0131\u015fmalarda, 1 kad\u0131n 5 ki\u015fi daha g\u00f6zalt\u0131na al\u0131nd\u0131. Cinayetin alacak verecek meselesinden kaynakland\u0131\u011f\u0131 iddia ediliyor\u00a0<a href=\"https:\/\/www.haberturk.com\/1-i-kadin-5-kisi-gozaltinda-kafedeki-infazda-sir-perdesi-aralandi-son-dakika-3818461\" target=\"_blank\" class=\"feedzy-rss-link-icon\">Read More<\/a><\/p>","protected":false},"excerpt":{"rendered":"<p>\u0130stanbul \u00c7ekmek\u00f6y&#8217;de bir kafede yemek yerken silahl\u0131 sald\u0131r\u0131ya u\u011fray\u0131p hayat\u0131n\u0131 kaybeden eski Alemda\u011f Spor Kul\u00fcb\u00fc Ba\u015fkan\u0131 49 ya\u015f\u0131ndaki Tuncay Meri\u00e7\u2019in cinayetinde yeni geli\u015fme ya\u015fand\u0131. \u0130\u00e7i\u015fleri Bakan\u0131 Ali Yerlikaya, Meri\u00e7&#8217;in \u00f6ld\u00fcr\u00fclmesi olay\u0131yla ilgili \u015f\u00fcpheli E.H.&#8217;nin, Edirne&#8217;nin Uzunk\u00f6pr\u00fc il\u00e7esinde d\u00fczenlenen operasyonla yakaland\u0131\u011f\u0131n\u0131 a\u00e7\u0131klad\u0131. Olayla ilgili yap\u0131lan \u00e7al\u0131\u015fmalarda, 1 kad\u0131n 5 ki\u015fi daha g\u00f6zalt\u0131na al\u0131nd\u0131. Cinayetin alacak verecek [&hellip;]<\/p>\n","protected":false},"author":1,"featured_media":0,"comment_status":"open","ping_status":"open","sticky":false,"template":"","format":"standard","meta":{"footnotes":"","_links_to":"","_links_to_target":""},"categories":[1],"tags":[],"class_list":["post-2821","post","type-post","status-publish","format-standard","hentry","category-haberler"],"_links":{"self":[{"href":"https:\/\/www.abchukuk.com\/index.php\/wp-json\/wp\/v2\/posts\/2821","targetHints":{"allow":["GET"]}}],"collection":[{"href":"https:\/\/www.abchukuk.com\/index.php\/wp-json\/wp\/v2\/posts"}],"about":[{"href":"https:\/\/www.abchukuk.com\/index.php\/wp-json\/wp\/v2\/types\/post"}],"author":[{"embeddable":true,"href":"https:\/\/www.abchukuk.com\/index.php\/wp-json\/wp\/v2\/users\/1"}],"replies":[{"embeddable":true,"href":"https:\/\/www.abchukuk.com\/index.php\/wp-json\/wp\/v2\/comments?post=2821"}],"version-history":[{"count":0,"href":"https:\/\/www.abchukuk.com\/index.php\/wp-json\/wp\/v2\/posts\/2821\/revisions"}],"wp:attachment":[{"href":"https:\/\/www.abchukuk.com\/index.php\/wp-json\/wp\/v2\/media?parent=2821"}],"wp:term":[{"taxonomy":"category","embeddable":true,"href":"https:\/\/www.abchukuk.com\/index.php\/wp-json\/wp\/v2\/categories?post=2821"},{"taxonomy":"post_tag","embeddable":true,"href":"https:\/\/www.abchukuk.com\/index.php\/wp-json\/wp\/v2\/tags?post=2821"}],"curies":[{"name":"wp","href":"https:\/\/api.w.org\/{rel}","templated":true}]}}