{"id":28202,"date":"2026-05-01T21:07:00","date_gmt":"2026-05-01T21:07:00","guid":{"rendered":"https:\/\/www.abchukuk.com\/index.php\/2026\/05\/01\/1-mayista-gozaltina-alinan-hkp-ve-iob-uyeleri-serbest-birakildi\/"},"modified":"2026-05-01T21:07:00","modified_gmt":"2026-05-01T21:07:00","slug":"1-mayista-gozaltina-alinan-hkp-ve-iob-uyeleri-serbest-birakildi","status":"publish","type":"post","link":"https:\/\/www.abchukuk.com\/index.php\/2026\/05\/01\/1-mayista-gozaltina-alinan-hkp-ve-iob-uyeleri-serbest-birakildi\/","title":{"rendered":"1 May\u0131s\u2019ta g\u00f6zalt\u0131na al\u0131nan HKP ve \u0130\u00d6B \u00fcyeleri serbest b\u0131rak\u0131ld\u0131"},"content":{"rendered":"<p>1 May\u0131s Emek ve Dayan\u0131\u015fma G\u00fcn\u00fc&#8217;nde Be\u015fikta\u015f&#8217;\u0131n farkl\u0131 sokaklar\u0131ndan Taksim&#8217;e y\u00fcr\u00fcmek isterken g\u00f6zalt\u0131na al\u0131nan Halk\u0131n Kurtulu\u015f Partisi (HKP) ve \u0130\u015f\u00e7i \u00d6\u011frenci Birli\u011fi \u00fcyeleri, emniyetteki i\u015flemlerinin ard\u0131ndan serbest b\u0131rak\u0131ld\u0131.1 May\u0131s Emek ve Dayan\u0131\u015fma G\u00fcn\u00fc&#8217;nde Be\u015fikta\u015f&#8217;\u0131n farkl\u0131 sokaklar\u0131ndan Taksim&#8217;e y\u00fcr\u00fcmek isterken g\u00f6zalt\u0131na al\u0131nan Halk\u0131n Kurtulu\u015f Partisi (HKP) ve \u0130\u015f\u00e7i \u00d6\u011frenci Birli\u011fi \u00fcyeleri, emniyetteki i\u015flemlerinin ard\u0131ndan serbest b\u0131rak\u0131ld\u0131.\u00a0<a href=\"https:\/\/www.cumhuriyet.com.tr\/turkiye\/1-mayis-ta-gozaltina-alinan-hkp-ve-iob-uyeleri-serbest-birakildi-2500313\" target=\"_blank\" class=\"feedzy-rss-link-icon\">Read More<\/a><\/p>","protected":false},"excerpt":{"rendered":"<p>1 May\u0131s Emek ve Dayan\u0131\u015fma G\u00fcn\u00fc&#8217;nde Be\u015fikta\u015f&#8217;\u0131n farkl\u0131 sokaklar\u0131ndan Taksim&#8217;e y\u00fcr\u00fcmek isterken g\u00f6zalt\u0131na al\u0131nan Halk\u0131n Kurtulu\u015f Partisi (HKP) ve \u0130\u015f\u00e7i \u00d6\u011frenci Birli\u011fi \u00fcyeleri, emniyetteki i\u015flemlerinin ard\u0131ndan serbest b\u0131rak\u0131ld\u0131.1 May\u0131s Emek ve Dayan\u0131\u015fma G\u00fcn\u00fc&#8217;nde Be\u015fikta\u015f&#8217;\u0131n farkl\u0131 sokaklar\u0131ndan Taksim&#8217;e y\u00fcr\u00fcmek isterken g\u00f6zalt\u0131na al\u0131nan Halk\u0131n Kurtulu\u015f Partisi (HKP) ve \u0130\u015f\u00e7i \u00d6\u011frenci Birli\u011fi \u00fcyeleri, emniyetteki i\u015flemlerinin ard\u0131ndan serbest b\u0131rak\u0131ld\u0131.\u00a0Read [&hellip;]<\/p>\n","protected":false},"author":1,"featured_media":28203,"comment_status":"open","ping_status":"open","sticky":false,"template":"","format":"standard","meta":{"footnotes":"","_links_to":"","_links_to_target":""},"categories":[1],"tags":[],"class_list":["post-28202","post","type-post","status-publish","format-standard","has-post-thumbnail","hentry","category-haberler"],"_links":{"self":[{"href":"https:\/\/www.abchukuk.com\/index.php\/wp-json\/wp\/v2\/posts\/28202","targetHints":{"allow":["GET"]}}],"collection":[{"href":"https:\/\/www.abchukuk.com\/index.php\/wp-json\/wp\/v2\/posts"}],"about":[{"href":"https:\/\/www.abchukuk.com\/index.php\/wp-json\/wp\/v2\/types\/post"}],"author":[{"embeddable":true,"href":"https:\/\/www.abchukuk.com\/index.php\/wp-json\/wp\/v2\/users\/1"}],"replies":[{"embeddable":true,"href":"https:\/\/www.abchukuk.com\/index.php\/wp-json\/wp\/v2\/comments?post=28202"}],"version-history":[{"count":0,"href":"https:\/\/www.abchukuk.com\/index.php\/wp-json\/wp\/v2\/posts\/28202\/revisions"}],"wp:featuredmedia":[{"embeddable":true,"href":"https:\/\/www.abchukuk.com\/index.php\/wp-json\/wp\/v2\/media\/28203"}],"wp:attachment":[{"href":"https:\/\/www.abchukuk.com\/index.php\/wp-json\/wp\/v2\/media?parent=28202"}],"wp:term":[{"taxonomy":"category","embeddable":true,"href":"https:\/\/www.abchukuk.com\/index.php\/wp-json\/wp\/v2\/categories?post=28202"},{"taxonomy":"post_tag","embeddable":true,"href":"https:\/\/www.abchukuk.com\/index.php\/wp-json\/wp\/v2\/tags?post=28202"}],"curies":[{"name":"wp","href":"https:\/\/api.w.org\/{rel}","templated":true}]}}