{"id":28200,"date":"2026-05-01T21:40:00","date_gmt":"2026-05-01T21:40:00","guid":{"rendered":"https:\/\/www.abchukuk.com\/index.php\/2026\/05\/01\/aile-ve-nufus-on-yili-genelgesi-resmi-gazetede\/"},"modified":"2026-05-01T21:40:00","modified_gmt":"2026-05-01T21:40:00","slug":"aile-ve-nufus-on-yili-genelgesi-resmi-gazetede","status":"publish","type":"post","link":"https:\/\/www.abchukuk.com\/index.php\/2026\/05\/01\/aile-ve-nufus-on-yili-genelgesi-resmi-gazetede\/","title":{"rendered":"Aile ve N\u00fcfus On Y\u0131l\u0131 genelgesi Resmi Gazete\u2019de\u00a0"},"content":{"rendered":"<p>Cumhurba\u015fkan\u0131 Recep Tayyip Erdo\u011fan\u2019\u0131n imzas\u0131yla Resmi Gazete\u2019de yay\u0131mlanan \u201cAile ve N\u00fcfus On Y\u0131l\u0131\u201d genelgesi y\u00fcr\u00fcrl\u00fc\u011fe girerken, uzun vadeli n\u00fcfus politikalar\u0131 ve aile yap\u0131s\u0131n\u0131n g\u00fc\u00e7lendirilmesine y\u00f6nelik yeni yol haritas\u0131 a\u00e7\u0131kland\u0131.Cumhurba\u015fkan\u0131 Recep Tayyip Erdo\u011fan\u2019\u0131n imzas\u0131yla Resmi Gazete\u2019de yay\u0131mlanan \u201cAile ve N\u00fcfus On Y\u0131l\u0131\u201d genelgesi y\u00fcr\u00fcrl\u00fc\u011fe girerken, uzun vadeli n\u00fcfus politikalar\u0131 ve aile yap\u0131s\u0131n\u0131n g\u00fc\u00e7lendirilmesine y\u00f6nelik yeni yol haritas\u0131 a\u00e7\u0131kland\u0131.\u00a0<a href=\"https:\/\/www.dunya.com\/gundem\/aile-ve-nufus-on-yili-genelgesi-resmi-gazetede-haberi-823659\" target=\"_blank\" class=\"feedzy-rss-link-icon\">Read More<\/a><\/p>","protected":false},"excerpt":{"rendered":"<p>Cumhurba\u015fkan\u0131 Recep Tayyip Erdo\u011fan\u2019\u0131n imzas\u0131yla Resmi Gazete\u2019de yay\u0131mlanan \u201cAile ve N\u00fcfus On Y\u0131l\u0131\u201d genelgesi y\u00fcr\u00fcrl\u00fc\u011fe girerken, uzun vadeli n\u00fcfus politikalar\u0131 ve aile yap\u0131s\u0131n\u0131n g\u00fc\u00e7lendirilmesine y\u00f6nelik yeni yol haritas\u0131 a\u00e7\u0131kland\u0131.Cumhurba\u015fkan\u0131 Recep Tayyip Erdo\u011fan\u2019\u0131n imzas\u0131yla Resmi Gazete\u2019de yay\u0131mlanan \u201cAile ve N\u00fcfus On Y\u0131l\u0131\u201d genelgesi y\u00fcr\u00fcrl\u00fc\u011fe girerken, uzun vadeli n\u00fcfus politikalar\u0131 ve aile yap\u0131s\u0131n\u0131n g\u00fc\u00e7lendirilmesine y\u00f6nelik yeni yol [&hellip;]<\/p>\n","protected":false},"author":1,"featured_media":28201,"comment_status":"open","ping_status":"open","sticky":false,"template":"","format":"standard","meta":{"footnotes":"","_links_to":"","_links_to_target":""},"categories":[1],"tags":[],"class_list":["post-28200","post","type-post","status-publish","format-standard","has-post-thumbnail","hentry","category-haberler"],"_links":{"self":[{"href":"https:\/\/www.abchukuk.com\/index.php\/wp-json\/wp\/v2\/posts\/28200","targetHints":{"allow":["GET"]}}],"collection":[{"href":"https:\/\/www.abchukuk.com\/index.php\/wp-json\/wp\/v2\/posts"}],"about":[{"href":"https:\/\/www.abchukuk.com\/index.php\/wp-json\/wp\/v2\/types\/post"}],"author":[{"embeddable":true,"href":"https:\/\/www.abchukuk.com\/index.php\/wp-json\/wp\/v2\/users\/1"}],"replies":[{"embeddable":true,"href":"https:\/\/www.abchukuk.com\/index.php\/wp-json\/wp\/v2\/comments?post=28200"}],"version-history":[{"count":0,"href":"https:\/\/www.abchukuk.com\/index.php\/wp-json\/wp\/v2\/posts\/28200\/revisions"}],"wp:featuredmedia":[{"embeddable":true,"href":"https:\/\/www.abchukuk.com\/index.php\/wp-json\/wp\/v2\/media\/28201"}],"wp:attachment":[{"href":"https:\/\/www.abchukuk.com\/index.php\/wp-json\/wp\/v2\/media?parent=28200"}],"wp:term":[{"taxonomy":"category","embeddable":true,"href":"https:\/\/www.abchukuk.com\/index.php\/wp-json\/wp\/v2\/categories?post=28200"},{"taxonomy":"post_tag","embeddable":true,"href":"https:\/\/www.abchukuk.com\/index.php\/wp-json\/wp\/v2\/tags?post=28200"}],"curies":[{"name":"wp","href":"https:\/\/api.w.org\/{rel}","templated":true}]}}