{"id":28199,"date":"2026-05-01T21:58:07","date_gmt":"2026-05-01T21:58:07","guid":{"rendered":"https:\/\/www.abchukuk.com\/index.php\/2026\/05\/01\/avukatlara-yeni-denetim-mekanizmasi-kuruldu\/"},"modified":"2026-05-01T21:58:07","modified_gmt":"2026-05-01T21:58:07","slug":"avukatlara-yeni-denetim-mekanizmasi-kuruldu","status":"publish","type":"post","link":"https:\/\/www.abchukuk.com\/index.php\/2026\/05\/01\/avukatlara-yeni-denetim-mekanizmasi-kuruldu\/","title":{"rendered":"AVUKATLARA YEN\u0130 DENET\u0130M MEKAN\u0130ZMASI KURULDU!"},"content":{"rendered":"<p class=\"p2\"><strong>SON TV \u2013 \u00d6ZEL HABER<\/strong><\/p>\n<p class=\"p2\">Resm\u00ee Gazete\u2019de yay\u0131mlanan yeni d\u00fczenleme ile T\u00fcrkiye Barolar Birli\u011fi Reklam Yasa\u011f\u0131 Y\u00f6netmeli\u011fi\u2019nde dikkat \u00e7eken bir de\u011fi\u015fikli\u011fe gidildi. Yap\u0131lan de\u011fi\u015fiklikle birlikte avukatlar\u0131n reklam yasa\u011f\u0131 ihlallerini izlemek ve raporlamak amac\u0131yla merkezi bir yap\u0131 kurulmas\u0131n\u0131n \u00f6n\u00fc a\u00e7\u0131ld\u0131. Bu ad\u0131m, hukuk camias\u0131nda uzun s\u00fcredir tart\u0131\u015f\u0131lan \u201cdenetim bo\u015flu\u011fu\u201d ele\u015ftirilerini do\u011frudan hedef alan bir hamle olarak de\u011ferlendiriliyor.<\/p>\n<p class=\"p2\"><strong>REKLAM YASA\u011eI \u0130HLALLER\u0130 \u0130\u00c7\u0130N MERKEZ KURULUYOR<\/strong><\/p>\n<p class=\"p2\">Yeni d\u00fczenlemeye g\u00f6re, \u201cReklam Yasa\u011f\u0131 \u0130hlallerini Takip Merkezi\u201d ad\u0131yla be\u015f ki\u015fiden olu\u015facak bir yap\u0131 kurulacak. Bu merkez; yaz\u0131l\u0131, i\u015fitsel ve \u00f6zellikle son d\u00f6nemde yo\u011funla\u015fan dijital mecralarda ger\u00e7ekle\u015fen reklam ihlallerini tespit edecek, raporlayacak ve s\u00fcreci barolar nezdinde takip edecek. Merkezin kurulmas\u0131yla birlikte sosyal medya ve internet \u00fczerinden yap\u0131lan avukat tan\u0131t\u0131mlar\u0131n\u0131n daha s\u0131k\u0131 mercek alt\u0131na al\u0131nmas\u0131 bekleniyor.<\/p>\n<p class=\"p2\"><strong>D\u0130S\u0130PL\u0130N S\u00dcREC\u0130 DO\u011eRUDAN TAK\u0130P ED\u0130LECEK<\/strong><\/p>\n<p class=\"p2\">Merkez yaln\u0131zca tespit yapmakla s\u0131n\u0131rl\u0131 kalmayacak, ayn\u0131 zamanda ihlalleri ilgili barolara ileterek disiplin s\u00fcrecinin ba\u015flat\u0131lmas\u0131n\u0131 sa\u011flayacak. Barolar\u0131n bu s\u00fcre\u00e7te verdi\u011fi kararlar da merkeze bildirilecek ve b\u00f6ylece T\u00fcrkiye genelinde ortak bir denetim ve veri havuzu olu\u015fturulacak. Bu durum, farkl\u0131 barolar aras\u0131nda uygulama birli\u011fi sa\u011flanmas\u0131 a\u00e7\u0131s\u0131ndan kritik bir ad\u0131m olarak g\u00f6r\u00fcl\u00fcyor.<\/p>\n<p class=\"p2\"><strong>MERKEZ \u00dcYELER\u0130NE SIKI KR\u0130TER<\/strong><\/p>\n<p class=\"p2\">Y\u00f6netmelikte dikkat \u00e7eken bir di\u011fer detay ise merkez \u00fcyeleri i\u00e7in getirilen kriterler oldu. Buna g\u00f6re \u00fcyelerin disiplin cezas\u0131 almam\u0131\u015f olmas\u0131 \u015fart\u0131 aranacak ve g\u00f6rev s\u00fcreleri en fazla iki y\u0131l ile s\u0131n\u0131rl\u0131 olacak. Bu d\u00fczenleme, yap\u0131n\u0131n tarafs\u0131zl\u0131\u011f\u0131 ve g\u00fcvenilirli\u011fi a\u00e7\u0131s\u0131ndan \u00f6nemli bir g\u00fcvence olarak yorumlan\u0131yor.<\/p>\n<p class=\"p2\">SON TV DE\u011eERLEND\u0130R\u0130YOR<\/p>\n<p class=\"p2\">SON TV\u2019nin yarg\u0131 kulislerinden edindi\u011fi bilgilere g\u00f6re, bu d\u00fczenleme yaln\u0131zca bir y\u00f6netmelik de\u011fi\u015fikli\u011fi olarak g\u00f6r\u00fclm\u00fcyor. \u00d6zellikle sosyal medya \u00fczerinden avukatl\u0131k mesle\u011fine yak\u0131\u015fmayan agresif reklam yapan baz\u0131 hukuk b\u00fcrolar\u0131na y\u00f6nelik artan \u015fikayetlerin bu ad\u0131m\u0131 h\u0131zland\u0131rd\u0131\u011f\u0131 ifade ediliyor. Yeni merkezle birlikte, \u201c\u00f6rt\u00fcl\u00fc reklam\u201d ve \u201cetik d\u0131\u015f\u0131 tan\u0131t\u0131m\u201d faaliyetlerine kar\u015f\u0131 daha sert ve koordineli bir d\u00f6nem ba\u015fl\u0131yor.<\/p>\n<p class=\"p2\"><strong>YEN\u0130 D\u00d6NEMDE AVUKATLAR DAHA YAKIN TAK\u0130PTE<\/strong><\/p>\n<p class=\"p2\">Y\u00f6netmeli\u011fin y\u00fcr\u00fcrl\u00fc\u011fe girmesiyle birlikte, avukatlar\u0131n dijital g\u00f6r\u00fcn\u00fcrl\u00fc\u011f\u00fc art\u0131k sadece mesleki ba\u015far\u0131yla de\u011fil, ayn\u0131 zamanda etik kurallara uygunluk a\u00e7\u0131s\u0131ndan da de\u011ferlendirilecek. Bu durum, hukuk piyasas\u0131nda rekabetin kurallar\u0131n\u0131 yeniden \u015fekillendirecek bir geli\u015fme olarak \u00f6ne \u00e7\u0131k\u0131yor.<\/p>\n<p>SON TV \u2013 \u00d6ZEL HABER Resm\u00ee Gazete\u2019de yay\u0131mlanan yeni d\u00fczenleme ile T\u00fcrkiye Barolar Birli\u011fi Reklam Yasa\u011f\u0131 Y\u00f6netmeli\u011fi\u2019nde dikkat \u00e7eken bir de\u011fi\u015fikli\u011fe gidildi. Yap\u0131lan de\u011fi\u015fiklikle birlikte avukatlar\u0131n reklam yasa\u011f\u0131 ihlallerini izlemek ve raporlamak amac\u0131yla merkezi bir yap\u0131 kurulmas\u0131n\u0131n \u00f6n\u00fc a\u00e7\u0131ld\u0131. Bu ad\u0131m, hukuk camias\u0131nda uzun s\u00fcredir tart\u0131\u015f\u0131lan \u201cdenetim bo\u015flu\u011fu\u201d ele\u015ftirilerini do\u011frudan hedef alan bir hamle olarak\u00a0<a href=\"https:\/\/www.son.tv\/avukatlara-yeni-denetim-mekanizmasi-kuruldu\/\" target=\"_blank\" class=\"feedzy-rss-link-icon\">Read More<\/a><\/p>","protected":false},"excerpt":{"rendered":"<p>SON TV \u2013 \u00d6ZEL HABER Resm\u00ee Gazete\u2019de yay\u0131mlanan yeni d\u00fczenleme ile T\u00fcrkiye Barolar Birli\u011fi Reklam Yasa\u011f\u0131 Y\u00f6netmeli\u011fi\u2019nde dikkat \u00e7eken bir de\u011fi\u015fikli\u011fe gidildi. Yap\u0131lan de\u011fi\u015fiklikle birlikte avukatlar\u0131n reklam yasa\u011f\u0131 ihlallerini izlemek ve raporlamak amac\u0131yla merkezi bir yap\u0131 kurulmas\u0131n\u0131n \u00f6n\u00fc a\u00e7\u0131ld\u0131. Bu ad\u0131m, hukuk camias\u0131nda uzun s\u00fcredir tart\u0131\u015f\u0131lan \u201cdenetim bo\u015flu\u011fu\u201d ele\u015ftirilerini do\u011frudan hedef alan bir hamle olarak [&hellip;]<\/p>\n","protected":false},"author":1,"featured_media":0,"comment_status":"open","ping_status":"open","sticky":false,"template":"","format":"standard","meta":{"footnotes":"","_links_to":"","_links_to_target":""},"categories":[1],"tags":[],"class_list":["post-28199","post","type-post","status-publish","format-standard","hentry","category-haberler"],"_links":{"self":[{"href":"https:\/\/www.abchukuk.com\/index.php\/wp-json\/wp\/v2\/posts\/28199","targetHints":{"allow":["GET"]}}],"collection":[{"href":"https:\/\/www.abchukuk.com\/index.php\/wp-json\/wp\/v2\/posts"}],"about":[{"href":"https:\/\/www.abchukuk.com\/index.php\/wp-json\/wp\/v2\/types\/post"}],"author":[{"embeddable":true,"href":"https:\/\/www.abchukuk.com\/index.php\/wp-json\/wp\/v2\/users\/1"}],"replies":[{"embeddable":true,"href":"https:\/\/www.abchukuk.com\/index.php\/wp-json\/wp\/v2\/comments?post=28199"}],"version-history":[{"count":0,"href":"https:\/\/www.abchukuk.com\/index.php\/wp-json\/wp\/v2\/posts\/28199\/revisions"}],"wp:attachment":[{"href":"https:\/\/www.abchukuk.com\/index.php\/wp-json\/wp\/v2\/media?parent=28199"}],"wp:term":[{"taxonomy":"category","embeddable":true,"href":"https:\/\/www.abchukuk.com\/index.php\/wp-json\/wp\/v2\/categories?post=28199"},{"taxonomy":"post_tag","embeddable":true,"href":"https:\/\/www.abchukuk.com\/index.php\/wp-json\/wp\/v2\/tags?post=28199"}],"curies":[{"name":"wp","href":"https:\/\/api.w.org\/{rel}","templated":true}]}}