{"id":28188,"date":"2026-05-01T19:12:00","date_gmt":"2026-05-01T19:12:00","guid":{"rendered":"https:\/\/www.abchukuk.com\/index.php\/2026\/05\/01\/istanbul-barosundan-1-mayis-gozaltilarina-tepki-kolluk-mudahaleleri-suctur\/"},"modified":"2026-05-01T19:12:00","modified_gmt":"2026-05-01T19:12:00","slug":"istanbul-barosundan-1-mayis-gozaltilarina-tepki-kolluk-mudahaleleri-suctur","status":"publish","type":"post","link":"https:\/\/www.abchukuk.com\/index.php\/2026\/05\/01\/istanbul-barosundan-1-mayis-gozaltilarina-tepki-kolluk-mudahaleleri-suctur\/","title":{"rendered":"\u0130stanbul Barosu\u2019ndan 1 May\u0131s g\u00f6zalt\u0131lar\u0131na tepki: \u2018 Kolluk m\u00fcdahaleleri su\u00e7tur!\u2019"},"content":{"rendered":"<p>\u0130stanbul Barosu, 1 May\u0131s\u2019ta g\u00f6zalt\u0131na al\u0131nanlar\u0131n serbest b\u0131rak\u0131lmas\u0131n\u0131 istedi. A\u00e7\u0131klamada, Taksim yasa\u011f\u0131na ili\u015fkin Avrupa \u0130nsan Haklar\u0131 Mahkemesi ve Anayasa Mahkemesi kararlar\u0131 hat\u0131rlat\u0131ld\u0131.\u0130stanbul Barosu, 1 May\u0131s\u2019ta g\u00f6zalt\u0131na al\u0131nanlar\u0131n serbest b\u0131rak\u0131lmas\u0131n\u0131 istedi. A\u00e7\u0131klamada, Taksim yasa\u011f\u0131na ili\u015fkin Avrupa \u0130nsan Haklar\u0131 Mahkemesi ve Anayasa Mahkemesi kararlar\u0131 hat\u0131rlat\u0131ld\u0131.\u00a0<a href=\"https:\/\/www.cumhuriyet.com.tr\/turkiye\/istanbul-barosu-ndan-1-mayis-gozaltilarina-tepki-mahkeme-kararlarini-uygulamamak-suctur-2500291\" target=\"_blank\" class=\"feedzy-rss-link-icon\">Read More<\/a><\/p>","protected":false},"excerpt":{"rendered":"<p>\u0130stanbul Barosu, 1 May\u0131s\u2019ta g\u00f6zalt\u0131na al\u0131nanlar\u0131n serbest b\u0131rak\u0131lmas\u0131n\u0131 istedi. A\u00e7\u0131klamada, Taksim yasa\u011f\u0131na ili\u015fkin Avrupa \u0130nsan Haklar\u0131 Mahkemesi ve Anayasa Mahkemesi kararlar\u0131 hat\u0131rlat\u0131ld\u0131.\u0130stanbul Barosu, 1 May\u0131s\u2019ta g\u00f6zalt\u0131na al\u0131nanlar\u0131n serbest b\u0131rak\u0131lmas\u0131n\u0131 istedi. A\u00e7\u0131klamada, Taksim yasa\u011f\u0131na ili\u015fkin Avrupa \u0130nsan Haklar\u0131 Mahkemesi ve Anayasa Mahkemesi kararlar\u0131 hat\u0131rlat\u0131ld\u0131.\u00a0Read More<\/p>\n","protected":false},"author":1,"featured_media":28189,"comment_status":"open","ping_status":"open","sticky":false,"template":"","format":"standard","meta":{"footnotes":"","_links_to":"","_links_to_target":""},"categories":[1],"tags":[],"class_list":["post-28188","post","type-post","status-publish","format-standard","has-post-thumbnail","hentry","category-haberler"],"_links":{"self":[{"href":"https:\/\/www.abchukuk.com\/index.php\/wp-json\/wp\/v2\/posts\/28188","targetHints":{"allow":["GET"]}}],"collection":[{"href":"https:\/\/www.abchukuk.com\/index.php\/wp-json\/wp\/v2\/posts"}],"about":[{"href":"https:\/\/www.abchukuk.com\/index.php\/wp-json\/wp\/v2\/types\/post"}],"author":[{"embeddable":true,"href":"https:\/\/www.abchukuk.com\/index.php\/wp-json\/wp\/v2\/users\/1"}],"replies":[{"embeddable":true,"href":"https:\/\/www.abchukuk.com\/index.php\/wp-json\/wp\/v2\/comments?post=28188"}],"version-history":[{"count":0,"href":"https:\/\/www.abchukuk.com\/index.php\/wp-json\/wp\/v2\/posts\/28188\/revisions"}],"wp:featuredmedia":[{"embeddable":true,"href":"https:\/\/www.abchukuk.com\/index.php\/wp-json\/wp\/v2\/media\/28189"}],"wp:attachment":[{"href":"https:\/\/www.abchukuk.com\/index.php\/wp-json\/wp\/v2\/media?parent=28188"}],"wp:term":[{"taxonomy":"category","embeddable":true,"href":"https:\/\/www.abchukuk.com\/index.php\/wp-json\/wp\/v2\/categories?post=28188"},{"taxonomy":"post_tag","embeddable":true,"href":"https:\/\/www.abchukuk.com\/index.php\/wp-json\/wp\/v2\/tags?post=28188"}],"curies":[{"name":"wp","href":"https:\/\/api.w.org\/{rel}","templated":true}]}}