{"id":28186,"date":"2026-05-01T19:51:00","date_gmt":"2026-05-01T19:51:00","guid":{"rendered":"https:\/\/www.abchukuk.com\/index.php\/2026\/05\/01\/gulistan-doku-dosyasinda-avukattan-tepki-belgelere-erisim-engelleniyor\/"},"modified":"2026-05-01T19:51:00","modified_gmt":"2026-05-01T19:51:00","slug":"gulistan-doku-dosyasinda-avukattan-tepki-belgelere-erisim-engelleniyor","status":"publish","type":"post","link":"https:\/\/www.abchukuk.com\/index.php\/2026\/05\/01\/gulistan-doku-dosyasinda-avukattan-tepki-belgelere-erisim-engelleniyor\/","title":{"rendered":"G\u00fclistan Doku dosyas\u0131nda avukattan tepki: \u2018Belgelere eri\u015fim engelleniyor\u2019"},"content":{"rendered":"<p>Doku ailesinin avukat\u0131 Ali \u00c7imen, Tunceli ve Erzurum\u2019daki soru\u015fturmalarda gizli olmayan belgelere eri\u015fim taleplerinin yan\u0131ts\u0131z b\u0131rak\u0131ld\u0131\u011f\u0131n\u0131 belirterek, \u201c\u015e\u00fcphelilere verilen ifade tutanaklar\u0131 maktul vekiline verilmemektedir\u201d dedi.Doku ailesinin avukat\u0131 Ali \u00c7imen, Tunceli ve Erzurum\u2019daki soru\u015fturmalarda gizli olmayan belgelere eri\u015fim taleplerinin yan\u0131ts\u0131z b\u0131rak\u0131ld\u0131\u011f\u0131n\u0131 belirterek, \u201c\u015e\u00fcphelilere verilen ifade tutanaklar\u0131 maktul vekiline verilmemektedir\u201d dedi.\u00a0<a href=\"https:\/\/www.cumhuriyet.com.tr\/turkiye\/gulistan-doku-dosyasinda-avukattan-tepki-belgelere-erisim-engelleniyor-2500300\" target=\"_blank\" class=\"feedzy-rss-link-icon\">Read More<\/a><\/p>","protected":false},"excerpt":{"rendered":"<p>Doku ailesinin avukat\u0131 Ali \u00c7imen, Tunceli ve Erzurum\u2019daki soru\u015fturmalarda gizli olmayan belgelere eri\u015fim taleplerinin yan\u0131ts\u0131z b\u0131rak\u0131ld\u0131\u011f\u0131n\u0131 belirterek, \u201c\u015e\u00fcphelilere verilen ifade tutanaklar\u0131 maktul vekiline verilmemektedir\u201d dedi.Doku ailesinin avukat\u0131 Ali \u00c7imen, Tunceli ve Erzurum\u2019daki soru\u015fturmalarda gizli olmayan belgelere eri\u015fim taleplerinin yan\u0131ts\u0131z b\u0131rak\u0131ld\u0131\u011f\u0131n\u0131 belirterek, \u201c\u015e\u00fcphelilere verilen ifade tutanaklar\u0131 maktul vekiline verilmemektedir\u201d dedi.\u00a0Read More<\/p>\n","protected":false},"author":1,"featured_media":28187,"comment_status":"open","ping_status":"open","sticky":false,"template":"","format":"standard","meta":{"footnotes":"","_links_to":"","_links_to_target":""},"categories":[1],"tags":[],"class_list":["post-28186","post","type-post","status-publish","format-standard","has-post-thumbnail","hentry","category-haberler"],"_links":{"self":[{"href":"https:\/\/www.abchukuk.com\/index.php\/wp-json\/wp\/v2\/posts\/28186","targetHints":{"allow":["GET"]}}],"collection":[{"href":"https:\/\/www.abchukuk.com\/index.php\/wp-json\/wp\/v2\/posts"}],"about":[{"href":"https:\/\/www.abchukuk.com\/index.php\/wp-json\/wp\/v2\/types\/post"}],"author":[{"embeddable":true,"href":"https:\/\/www.abchukuk.com\/index.php\/wp-json\/wp\/v2\/users\/1"}],"replies":[{"embeddable":true,"href":"https:\/\/www.abchukuk.com\/index.php\/wp-json\/wp\/v2\/comments?post=28186"}],"version-history":[{"count":0,"href":"https:\/\/www.abchukuk.com\/index.php\/wp-json\/wp\/v2\/posts\/28186\/revisions"}],"wp:featuredmedia":[{"embeddable":true,"href":"https:\/\/www.abchukuk.com\/index.php\/wp-json\/wp\/v2\/media\/28187"}],"wp:attachment":[{"href":"https:\/\/www.abchukuk.com\/index.php\/wp-json\/wp\/v2\/media?parent=28186"}],"wp:term":[{"taxonomy":"category","embeddable":true,"href":"https:\/\/www.abchukuk.com\/index.php\/wp-json\/wp\/v2\/categories?post=28186"},{"taxonomy":"post_tag","embeddable":true,"href":"https:\/\/www.abchukuk.com\/index.php\/wp-json\/wp\/v2\/tags?post=28186"}],"curies":[{"name":"wp","href":"https:\/\/api.w.org\/{rel}","templated":true}]}}