{"id":28181,"date":"2026-05-01T18:09:00","date_gmt":"2026-05-01T18:09:00","guid":{"rendered":"https:\/\/www.abchukuk.com\/index.php\/2026\/05\/01\/istanbul-valiligi-acikladi-1-mayista-izinsiz-eylemlerde-575-kisi-gozaltinda\/"},"modified":"2026-05-01T18:09:00","modified_gmt":"2026-05-01T18:09:00","slug":"istanbul-valiligi-acikladi-1-mayista-izinsiz-eylemlerde-575-kisi-gozaltinda","status":"publish","type":"post","link":"https:\/\/www.abchukuk.com\/index.php\/2026\/05\/01\/istanbul-valiligi-acikladi-1-mayista-izinsiz-eylemlerde-575-kisi-gozaltinda\/","title":{"rendered":"\u0130stanbul Valili\u011fi a\u00e7\u0131klad\u0131: 1 May\u0131s\u2019ta izinsiz eylemlerde 575 ki\u015fi g\u00f6zalt\u0131nda"},"content":{"rendered":"<p>\u0130stanbul Valili\u011fi, 1 May\u0131s Emek ve Dayan\u0131\u015fma G\u00fcn\u00fc\u2019n\u00fcn Kad\u0131k\u00f6y R\u0131ht\u0131m ve Kartal Meydan\u0131\u2019nda d\u00fczenlenen izinli mitinglerle kutland\u0131\u011f\u0131n\u0131, ancak tedbirlere uymayan izinsiz g\u00f6sterilerde 575 ki\u015finin g\u00f6zalt\u0131na al\u0131nd\u0131\u011f\u0131n\u0131 bildirdi.\u0130stanbul Valili\u011fi, 1 May\u0131s Emek ve Dayan\u0131\u015fma G\u00fcn\u00fc\u2019n\u00fcn Kad\u0131k\u00f6y R\u0131ht\u0131m ve Kartal Meydan\u0131\u2019nda d\u00fczenlenen izinli mitinglerle kutland\u0131\u011f\u0131n\u0131, ancak tedbirlere uymayan izinsiz g\u00f6sterilerde 575 ki\u015finin g\u00f6zalt\u0131na al\u0131nd\u0131\u011f\u0131n\u0131 bildirdi.\u00a0<a href=\"https:\/\/www.dunya.com\/gundem\/istanbul-valiligi-acikladi-1-mayista-izinsiz-eylemlerde-575-kisi-gozaltinda-haberi-823651\" target=\"_blank\" class=\"feedzy-rss-link-icon\">Read More<\/a><\/p>","protected":false},"excerpt":{"rendered":"<p>\u0130stanbul Valili\u011fi, 1 May\u0131s Emek ve Dayan\u0131\u015fma G\u00fcn\u00fc\u2019n\u00fcn Kad\u0131k\u00f6y R\u0131ht\u0131m ve Kartal Meydan\u0131\u2019nda d\u00fczenlenen izinli mitinglerle kutland\u0131\u011f\u0131n\u0131, ancak tedbirlere uymayan izinsiz g\u00f6sterilerde 575 ki\u015finin g\u00f6zalt\u0131na al\u0131nd\u0131\u011f\u0131n\u0131 bildirdi.\u0130stanbul Valili\u011fi, 1 May\u0131s Emek ve Dayan\u0131\u015fma G\u00fcn\u00fc\u2019n\u00fcn Kad\u0131k\u00f6y R\u0131ht\u0131m ve Kartal Meydan\u0131\u2019nda d\u00fczenlenen izinli mitinglerle kutland\u0131\u011f\u0131n\u0131, ancak tedbirlere uymayan izinsiz g\u00f6sterilerde 575 ki\u015finin g\u00f6zalt\u0131na al\u0131nd\u0131\u011f\u0131n\u0131 bildirdi.\u00a0Read More<\/p>\n","protected":false},"author":1,"featured_media":28182,"comment_status":"open","ping_status":"open","sticky":false,"template":"","format":"standard","meta":{"footnotes":"","_links_to":"","_links_to_target":""},"categories":[1],"tags":[],"class_list":["post-28181","post","type-post","status-publish","format-standard","has-post-thumbnail","hentry","category-haberler"],"_links":{"self":[{"href":"https:\/\/www.abchukuk.com\/index.php\/wp-json\/wp\/v2\/posts\/28181","targetHints":{"allow":["GET"]}}],"collection":[{"href":"https:\/\/www.abchukuk.com\/index.php\/wp-json\/wp\/v2\/posts"}],"about":[{"href":"https:\/\/www.abchukuk.com\/index.php\/wp-json\/wp\/v2\/types\/post"}],"author":[{"embeddable":true,"href":"https:\/\/www.abchukuk.com\/index.php\/wp-json\/wp\/v2\/users\/1"}],"replies":[{"embeddable":true,"href":"https:\/\/www.abchukuk.com\/index.php\/wp-json\/wp\/v2\/comments?post=28181"}],"version-history":[{"count":0,"href":"https:\/\/www.abchukuk.com\/index.php\/wp-json\/wp\/v2\/posts\/28181\/revisions"}],"wp:featuredmedia":[{"embeddable":true,"href":"https:\/\/www.abchukuk.com\/index.php\/wp-json\/wp\/v2\/media\/28182"}],"wp:attachment":[{"href":"https:\/\/www.abchukuk.com\/index.php\/wp-json\/wp\/v2\/media?parent=28181"}],"wp:term":[{"taxonomy":"category","embeddable":true,"href":"https:\/\/www.abchukuk.com\/index.php\/wp-json\/wp\/v2\/categories?post=28181"},{"taxonomy":"post_tag","embeddable":true,"href":"https:\/\/www.abchukuk.com\/index.php\/wp-json\/wp\/v2\/tags?post=28181"}],"curies":[{"name":"wp","href":"https:\/\/api.w.org\/{rel}","templated":true}]}}