{"id":28172,"date":"2026-05-01T15:14:44","date_gmt":"2026-05-01T15:14:44","guid":{"rendered":"https:\/\/www.abchukuk.com\/index.php\/2026\/05\/01\/bakan-yardimcisi-tarikdaroglundan-adalet-bakan-yardimcilarina-ziyaret\/"},"modified":"2026-05-01T15:14:44","modified_gmt":"2026-05-01T15:14:44","slug":"bakan-yardimcisi-tarikdaroglundan-adalet-bakan-yardimcilarina-ziyaret","status":"publish","type":"post","link":"https:\/\/www.abchukuk.com\/index.php\/2026\/05\/01\/bakan-yardimcisi-tarikdaroglundan-adalet-bakan-yardimcilarina-ziyaret\/","title":{"rendered":"BAKAN YARDIMCISI TARIKDARO\u011eLU\u2019NDAN ADALET BAKAN YARDIMCILARINA Z\u0130YARET"},"content":{"rendered":"<h3>SON.TV\/ANKARA<\/h3>\n<p>\u00a0<\/p>\n<h3><b>YEN\u0130 G\u00d6REVLERE TEBR\u0130K Z\u0130YARET\u0130<\/b><\/h3>\n<p>Aile ve Sosyal Hizmetler Bakan Yard\u0131mc\u0131s\u0131 Zafer Tar\u0131kdaro\u011flu, Adalet Bakan Yard\u0131mc\u0131l\u0131\u011f\u0131 g\u00f6revine atanan Sedat Ayy\u0131ld\u0131z, Burak Ceyhan, Abdullah Aydo\u011fdu ve Can Tuncay\u2019\u0131 ziyaret etti. Ger\u00e7ekle\u015fen ziyarette yeni g\u00f6revlerinden dolay\u0131 tebriklerini ileten Tar\u0131kdaro\u011flu, ba\u015far\u0131 dileklerini payla\u015ft\u0131.<\/p>\n<h3><\/h3>\n<h3><b>\u201cMUVAFFAK\u0130YETLER D\u0130L\u0130YORUM\u201d<\/b><\/h3>\n<p>Ziyarete ili\u015fkin sosyal medya hesab\u0131ndan a\u00e7\u0131klama yapan Tar\u0131kdaro\u011flu, \u015fu ifadeleri kulland\u0131:<\/p>\n<p>\u201cAdalet Bakan Yard\u0131mc\u0131s\u0131 olarak atanan Say\u0131n Sedat Ayy\u0131ld\u0131z, Say\u0131n Burak Ceyhan, Say\u0131n Abdullah Aydo\u011fdu ve Say\u0131n Can Tuncay\u2019\u0131 ziyaret ederek hay\u0131rl\u0131 olsun dileklerimizi ilettik.<\/p>\n<p>Nazik misafirperverliklerinden dolay\u0131 Say\u0131n Sedat Ayy\u0131ld\u0131z, Say\u0131n Burak Ceyhan, Say\u0131n Abdullah Aydo\u011fdu ve Say\u0131n Can Tuncay\u2019a te\u015fekk\u00fcr ediyor, yeni g\u00f6revlerinde muvaffakiyetler diliyorum.\u201d<\/p>\n<h3><\/h3>\n<h3><b>KURUMSAL \u0130\u015e B\u0130RL\u0130\u011e\u0130 VURGUSU<\/b><\/h3>\n<p>Ger\u00e7ekle\u015fen ziyaretin, iki bakanl\u0131k aras\u0131ndaki koordinasyon ve i\u015f birli\u011finin g\u00fc\u00e7lendirilmesi a\u00e7\u0131s\u0131ndan da \u00f6nem ta\u015f\u0131d\u0131\u011f\u0131 de\u011ferlendiriliyor. Yeni d\u00f6nemde adalet ve sosyal hizmetler alan\u0131nda ortak \u00e7al\u0131\u015fmalar\u0131n art\u0131r\u0131lmas\u0131 bekleniyor.<\/p>\n<h3><b>ET\u0130KETLER:<\/b>#AdaletBakanl\u0131\u011f\u0131 #ZaferTar\u0131kdaro\u011flu #BakanYard\u0131mc\u0131s\u0131 #Ankara #Kamu #SonDakika #G\u00fcndem<\/h3>\n<p>Aile ve Sosyal Hizmetler Bakan Yard\u0131mc\u0131s\u0131 Zafer Tar\u0131kdaro\u011flu, Adalet Bakan Yard\u0131mc\u0131l\u0131\u011f\u0131 g\u00f6revine atanan isimlere hay\u0131rl\u0131 olsun ziyaretinde bulundu.\u00a0<a href=\"https:\/\/www.son.tv\/bakan-yardimcisi-tarikdaroglundan-adalet-bakan-yardimcilarina-ziyaret\/\" target=\"_blank\" class=\"feedzy-rss-link-icon\">Read More<\/a><\/p>","protected":false},"excerpt":{"rendered":"<p>SON.TV\/ANKARA \u00a0 YEN\u0130 G\u00d6REVLERE TEBR\u0130K Z\u0130YARET\u0130 Aile ve Sosyal Hizmetler Bakan Yard\u0131mc\u0131s\u0131 Zafer Tar\u0131kdaro\u011flu, Adalet Bakan Yard\u0131mc\u0131l\u0131\u011f\u0131 g\u00f6revine atanan Sedat Ayy\u0131ld\u0131z, Burak Ceyhan, Abdullah Aydo\u011fdu ve Can Tuncay\u2019\u0131 ziyaret etti. Ger\u00e7ekle\u015fen ziyarette yeni g\u00f6revlerinden dolay\u0131 tebriklerini ileten Tar\u0131kdaro\u011flu, ba\u015far\u0131 dileklerini payla\u015ft\u0131. \u201cMUVAFFAK\u0130YETLER D\u0130L\u0130YORUM\u201d Ziyarete ili\u015fkin sosyal medya hesab\u0131ndan a\u00e7\u0131klama yapan Tar\u0131kdaro\u011flu, \u015fu ifadeleri kulland\u0131: \u201cAdalet [&hellip;]<\/p>\n","protected":false},"author":1,"featured_media":0,"comment_status":"open","ping_status":"open","sticky":false,"template":"","format":"standard","meta":{"footnotes":"","_links_to":"","_links_to_target":""},"categories":[1],"tags":[],"class_list":["post-28172","post","type-post","status-publish","format-standard","hentry","category-haberler"],"_links":{"self":[{"href":"https:\/\/www.abchukuk.com\/index.php\/wp-json\/wp\/v2\/posts\/28172","targetHints":{"allow":["GET"]}}],"collection":[{"href":"https:\/\/www.abchukuk.com\/index.php\/wp-json\/wp\/v2\/posts"}],"about":[{"href":"https:\/\/www.abchukuk.com\/index.php\/wp-json\/wp\/v2\/types\/post"}],"author":[{"embeddable":true,"href":"https:\/\/www.abchukuk.com\/index.php\/wp-json\/wp\/v2\/users\/1"}],"replies":[{"embeddable":true,"href":"https:\/\/www.abchukuk.com\/index.php\/wp-json\/wp\/v2\/comments?post=28172"}],"version-history":[{"count":0,"href":"https:\/\/www.abchukuk.com\/index.php\/wp-json\/wp\/v2\/posts\/28172\/revisions"}],"wp:attachment":[{"href":"https:\/\/www.abchukuk.com\/index.php\/wp-json\/wp\/v2\/media?parent=28172"}],"wp:term":[{"taxonomy":"category","embeddable":true,"href":"https:\/\/www.abchukuk.com\/index.php\/wp-json\/wp\/v2\/categories?post=28172"},{"taxonomy":"post_tag","embeddable":true,"href":"https:\/\/www.abchukuk.com\/index.php\/wp-json\/wp\/v2\/tags?post=28172"}],"curies":[{"name":"wp","href":"https:\/\/api.w.org\/{rel}","templated":true}]}}