{"id":28170,"date":"2026-05-01T15:18:00","date_gmt":"2026-05-01T15:18:00","guid":{"rendered":"https:\/\/www.abchukuk.com\/index.php\/2026\/05\/01\/istanbulda-1-mayis-bilancosu-575-gozalti\/"},"modified":"2026-05-01T15:18:00","modified_gmt":"2026-05-01T15:18:00","slug":"istanbulda-1-mayis-bilancosu-575-gozalti","status":"publish","type":"post","link":"https:\/\/www.abchukuk.com\/index.php\/2026\/05\/01\/istanbulda-1-mayis-bilancosu-575-gozalti\/","title":{"rendered":"\u0130stanbul&#8217;da 1 May\u0131s Bilan\u00e7osu: 575 G\u00f6zalt\u0131"},"content":{"rendered":"<p><a href=\"https:\/\/www.gercekgundem.com\/guncel\/istanbulda-1-mayis-bilancosu-575-gozalti-570739\"><br \/>\n                                                            <img decoding=\"async\" src=\"https:\/\/i.gercekgundem.com\/2\/150\/84\/storage\/files\/images\/2026\/05\/01\/istanbulda-1-mayis-bilancosu-575-gozalti-lhv4.jpg\" width=\"150\" height=\"84\" border=\"0\" align=\"right\" \/><br \/>\n                                                    <\/a><\/p>\n<h4>\u0130stanbul Valili\u011fi, 1 May\u0131s Emek ve Dayan\u0131\u015fma G\u00fcn\u00fc\u2019nde al\u0131nan g\u00fcvenlik \u00f6nlemlerine ve yasaklara uymayan gruplara yap\u0131lan m\u00fcdahalelerde saat 18.00 itibar\u0131yla 575 ki\u015finin g\u00f6zalt\u0131na al\u0131nd\u0131\u011f\u0131n\u0131 a\u00e7\u0131klad\u0131. Valilik, Taksim \u0131srar\u0131n\u0131 s\u00fcrd\u00fcren yap\u0131lar\u0131 &#8216;marjinal grup&#8217; olarak nitelendirdi.<\/h4>\n<p>\u0130stanbul Valili\u011fi, 1 May\u0131s Emek ve Dayan\u0131\u015fma G\u00fcn\u00fc\u2019nde al\u0131nan g\u00fcvenlik \u00f6nlemlerine ve yasaklara uymayan gruplara yap\u0131lan m\u00fcdahalelerde saat 18.00 itibar\u0131yla 575 ki\u015finin g\u00f6zalt\u0131na al\u0131nd\u0131\u011f\u0131n\u0131 a\u00e7\u0131klad\u0131. Valilik, Taksim \u0131srar\u0131n\u0131 s\u00fcrd\u00fcren yap\u0131lar\u0131 &#8216;marjinal grup&#8217; olarak nitelendirdi.\u00a0<a href=\"https:\/\/www.gercekgundem.com\/guncel\/istanbulda-1-mayis-bilancosu-575-gozalti-570739\" target=\"_blank\" class=\"feedzy-rss-link-icon\">Read More<\/a><\/p>","protected":false},"excerpt":{"rendered":"<p>\u0130stanbul Valili\u011fi, 1 May\u0131s Emek ve Dayan\u0131\u015fma G\u00fcn\u00fc\u2019nde al\u0131nan g\u00fcvenlik \u00f6nlemlerine ve yasaklara uymayan gruplara yap\u0131lan m\u00fcdahalelerde saat 18.00 itibar\u0131yla 575 ki\u015finin g\u00f6zalt\u0131na al\u0131nd\u0131\u011f\u0131n\u0131 a\u00e7\u0131klad\u0131. Valilik, Taksim \u0131srar\u0131n\u0131 s\u00fcrd\u00fcren yap\u0131lar\u0131 &#8216;marjinal grup&#8217; olarak nitelendirdi. \u0130stanbul Valili\u011fi, 1 May\u0131s Emek ve Dayan\u0131\u015fma G\u00fcn\u00fc\u2019nde al\u0131nan g\u00fcvenlik \u00f6nlemlerine ve yasaklara uymayan gruplara yap\u0131lan m\u00fcdahalelerde saat 18.00 itibar\u0131yla 575 [&hellip;]<\/p>\n","protected":false},"author":1,"featured_media":28171,"comment_status":"open","ping_status":"open","sticky":false,"template":"","format":"standard","meta":{"footnotes":"","_links_to":"","_links_to_target":""},"categories":[1],"tags":[],"class_list":["post-28170","post","type-post","status-publish","format-standard","has-post-thumbnail","hentry","category-haberler"],"_links":{"self":[{"href":"https:\/\/www.abchukuk.com\/index.php\/wp-json\/wp\/v2\/posts\/28170","targetHints":{"allow":["GET"]}}],"collection":[{"href":"https:\/\/www.abchukuk.com\/index.php\/wp-json\/wp\/v2\/posts"}],"about":[{"href":"https:\/\/www.abchukuk.com\/index.php\/wp-json\/wp\/v2\/types\/post"}],"author":[{"embeddable":true,"href":"https:\/\/www.abchukuk.com\/index.php\/wp-json\/wp\/v2\/users\/1"}],"replies":[{"embeddable":true,"href":"https:\/\/www.abchukuk.com\/index.php\/wp-json\/wp\/v2\/comments?post=28170"}],"version-history":[{"count":0,"href":"https:\/\/www.abchukuk.com\/index.php\/wp-json\/wp\/v2\/posts\/28170\/revisions"}],"wp:featuredmedia":[{"embeddable":true,"href":"https:\/\/www.abchukuk.com\/index.php\/wp-json\/wp\/v2\/media\/28171"}],"wp:attachment":[{"href":"https:\/\/www.abchukuk.com\/index.php\/wp-json\/wp\/v2\/media?parent=28170"}],"wp:term":[{"taxonomy":"category","embeddable":true,"href":"https:\/\/www.abchukuk.com\/index.php\/wp-json\/wp\/v2\/categories?post=28170"},{"taxonomy":"post_tag","embeddable":true,"href":"https:\/\/www.abchukuk.com\/index.php\/wp-json\/wp\/v2\/tags?post=28170"}],"curies":[{"name":"wp","href":"https:\/\/api.w.org\/{rel}","templated":true}]}}