{"id":28161,"date":"2026-05-01T13:19:00","date_gmt":"2026-05-01T13:19:00","guid":{"rendered":"https:\/\/www.abchukuk.com\/index.php\/2026\/05\/01\/500u-askin-kisi-gozaltindayken-erdogan-1-mayisi-kutladi\/"},"modified":"2026-05-01T13:19:00","modified_gmt":"2026-05-01T13:19:00","slug":"500u-askin-kisi-gozaltindayken-erdogan-1-mayisi-kutladi","status":"publish","type":"post","link":"https:\/\/www.abchukuk.com\/index.php\/2026\/05\/01\/500u-askin-kisi-gozaltindayken-erdogan-1-mayisi-kutladi\/","title":{"rendered":"500&#8217;\u00fc a\u015fk\u0131n ki\u015fi g\u00f6zalt\u0131ndayken, Erdo\u011fan 1 May\u0131s&#8217;\u0131 kutlad\u0131"},"content":{"rendered":"<p>\u0130stanbul&#8217;da 1 May\u0131s i\u00e7in Taksim Meydan\u0131&#8217;na y\u00fcr\u00fcmek isteyenlere polis m\u00fcdahale etti. \u00d6zellikle Mecidiyek\u00f6y&#8217;de bir\u00e7ok yurtta\u015f sert m\u00fcdahale ile kar\u015f\u0131 kar\u015f\u0131ya kald\u0131, 500&#8217;\u00fc a\u015fk\u0131n ki\u015fi g\u00f6zalt\u0131na al\u0131nd\u0131. \u0130ktidar\u0131n i\u015f\u00e7i korkusu s\u00fcrerken; AKP&#8217;li Cumhurba\u015fkan\u0131 Erdo\u011fan 1 May\u0131s&#8217;\u0131 kutlad\u0131.\u0130stanbul&#8217;da 1 May\u0131s i\u00e7in Taksim Meydan\u0131&#8217;na y\u00fcr\u00fcmek isteyenlere polis m\u00fcdahale etti. \u00d6zellikle Mecidiyek\u00f6y&#8217;de bir\u00e7ok yurtta\u015f sert m\u00fcdahale ile kar\u015f\u0131 kar\u015f\u0131ya kald\u0131, 500&#8217;\u00fc a\u015fk\u0131n ki\u015fi g\u00f6zalt\u0131na al\u0131nd\u0131. \u0130ktidar\u0131n i\u015f\u00e7i korkusu s\u00fcrerken; AKP&#8217;li Cumhurba\u015fkan\u0131 Erdo\u011fan 1 May\u0131s&#8217;\u0131 kutlad\u0131.\u00a0<a href=\"https:\/\/www.cumhuriyet.com.tr\/turkiye\/500-u-askin-kisi-gozaltindayken-erdogan-1-mayis-i-kutladi-2500207\" target=\"_blank\" class=\"feedzy-rss-link-icon\">Read More<\/a><\/p>","protected":false},"excerpt":{"rendered":"<p>\u0130stanbul&#8217;da 1 May\u0131s i\u00e7in Taksim Meydan\u0131&#8217;na y\u00fcr\u00fcmek isteyenlere polis m\u00fcdahale etti. \u00d6zellikle Mecidiyek\u00f6y&#8217;de bir\u00e7ok yurtta\u015f sert m\u00fcdahale ile kar\u015f\u0131 kar\u015f\u0131ya kald\u0131, 500&#8217;\u00fc a\u015fk\u0131n ki\u015fi g\u00f6zalt\u0131na al\u0131nd\u0131. \u0130ktidar\u0131n i\u015f\u00e7i korkusu s\u00fcrerken; AKP&#8217;li Cumhurba\u015fkan\u0131 Erdo\u011fan 1 May\u0131s&#8217;\u0131 kutlad\u0131.\u0130stanbul&#8217;da 1 May\u0131s i\u00e7in Taksim Meydan\u0131&#8217;na y\u00fcr\u00fcmek isteyenlere polis m\u00fcdahale etti. \u00d6zellikle Mecidiyek\u00f6y&#8217;de bir\u00e7ok yurtta\u015f sert m\u00fcdahale ile kar\u015f\u0131 kar\u015f\u0131ya [&hellip;]<\/p>\n","protected":false},"author":1,"featured_media":28162,"comment_status":"open","ping_status":"open","sticky":false,"template":"","format":"standard","meta":{"footnotes":"","_links_to":"","_links_to_target":""},"categories":[1],"tags":[],"class_list":["post-28161","post","type-post","status-publish","format-standard","has-post-thumbnail","hentry","category-haberler"],"_links":{"self":[{"href":"https:\/\/www.abchukuk.com\/index.php\/wp-json\/wp\/v2\/posts\/28161","targetHints":{"allow":["GET"]}}],"collection":[{"href":"https:\/\/www.abchukuk.com\/index.php\/wp-json\/wp\/v2\/posts"}],"about":[{"href":"https:\/\/www.abchukuk.com\/index.php\/wp-json\/wp\/v2\/types\/post"}],"author":[{"embeddable":true,"href":"https:\/\/www.abchukuk.com\/index.php\/wp-json\/wp\/v2\/users\/1"}],"replies":[{"embeddable":true,"href":"https:\/\/www.abchukuk.com\/index.php\/wp-json\/wp\/v2\/comments?post=28161"}],"version-history":[{"count":0,"href":"https:\/\/www.abchukuk.com\/index.php\/wp-json\/wp\/v2\/posts\/28161\/revisions"}],"wp:featuredmedia":[{"embeddable":true,"href":"https:\/\/www.abchukuk.com\/index.php\/wp-json\/wp\/v2\/media\/28162"}],"wp:attachment":[{"href":"https:\/\/www.abchukuk.com\/index.php\/wp-json\/wp\/v2\/media?parent=28161"}],"wp:term":[{"taxonomy":"category","embeddable":true,"href":"https:\/\/www.abchukuk.com\/index.php\/wp-json\/wp\/v2\/categories?post=28161"},{"taxonomy":"post_tag","embeddable":true,"href":"https:\/\/www.abchukuk.com\/index.php\/wp-json\/wp\/v2\/tags?post=28161"}],"curies":[{"name":"wp","href":"https:\/\/api.w.org\/{rel}","templated":true}]}}