{"id":28158,"date":"2026-05-01T13:37:21","date_gmt":"2026-05-01T13:37:21","guid":{"rendered":"https:\/\/www.abchukuk.com\/index.php\/2026\/05\/01\/japonyada-esinin-cesedini-hayvanat-bahcesinde-yakmakla-suclanan-kisi-gozaltina-alindi\/"},"modified":"2026-05-01T13:37:21","modified_gmt":"2026-05-01T13:37:21","slug":"japonyada-esinin-cesedini-hayvanat-bahcesinde-yakmakla-suclanan-kisi-gozaltina-alindi","status":"publish","type":"post","link":"https:\/\/www.abchukuk.com\/index.php\/2026\/05\/01\/japonyada-esinin-cesedini-hayvanat-bahcesinde-yakmakla-suclanan-kisi-gozaltina-alindi\/","title":{"rendered":"Japonya\u2019da e\u015finin cesedini hayvanat bah\u00e7esinde yakmakla su\u00e7lanan ki\u015fi g\u00f6zalt\u0131na al\u0131nd\u0131"},"content":{"rendered":"<p>Kamu yay\u0131nc\u0131s\u0131 NHK, soru\u015fturma kaynaklar\u0131na dayand\u0131rd\u0131\u011f\u0131 haberinde, ma\u011fdurun daha \u00f6nce akrabalar\u0131na e\u015finin kendisini &#8216;senden hi\u00e7bir iz kalmayana kadar yakar\u0131m,&#8217; diye tehdit etti\u011fini s\u00f6yledi\u011fini aktard\u0131.Kamu yay\u0131nc\u0131s\u0131 NHK, soru\u015fturma kaynaklar\u0131na dayand\u0131rd\u0131\u011f\u0131 haberinde, ma\u011fdurun daha \u00f6nce akrabalar\u0131na e\u015finin kendisini &#8216;senden hi\u00e7bir iz kalmayana kadar yakar\u0131m,&#8217; diye tehdit etti\u011fini s\u00f6yledi\u011fini aktard\u0131.\u00a0<a href=\"http:\/\/tr.euronews.com\/2026\/05\/01\/japonyada-esinin-cesedini-hayvanat-bahcesinde-yakmakla-suclanan-kisi-gozaltina-alindi\" target=\"_blank\" class=\"feedzy-rss-link-icon\">Read More<\/a><\/p>","protected":false},"excerpt":{"rendered":"<p>Kamu yay\u0131nc\u0131s\u0131 NHK, soru\u015fturma kaynaklar\u0131na dayand\u0131rd\u0131\u011f\u0131 haberinde, ma\u011fdurun daha \u00f6nce akrabalar\u0131na e\u015finin kendisini &#8216;senden hi\u00e7bir iz kalmayana kadar yakar\u0131m,&#8217; diye tehdit etti\u011fini s\u00f6yledi\u011fini aktard\u0131.Kamu yay\u0131nc\u0131s\u0131 NHK, soru\u015fturma kaynaklar\u0131na dayand\u0131rd\u0131\u011f\u0131 haberinde, ma\u011fdurun daha \u00f6nce akrabalar\u0131na e\u015finin kendisini &#8216;senden hi\u00e7bir iz kalmayana kadar yakar\u0131m,&#8217; diye tehdit etti\u011fini s\u00f6yledi\u011fini aktard\u0131.\u00a0Read More<\/p>\n","protected":false},"author":1,"featured_media":0,"comment_status":"open","ping_status":"open","sticky":false,"template":"","format":"standard","meta":{"footnotes":"","_links_to":"","_links_to_target":""},"categories":[1],"tags":[],"class_list":["post-28158","post","type-post","status-publish","format-standard","hentry","category-haberler"],"_links":{"self":[{"href":"https:\/\/www.abchukuk.com\/index.php\/wp-json\/wp\/v2\/posts\/28158","targetHints":{"allow":["GET"]}}],"collection":[{"href":"https:\/\/www.abchukuk.com\/index.php\/wp-json\/wp\/v2\/posts"}],"about":[{"href":"https:\/\/www.abchukuk.com\/index.php\/wp-json\/wp\/v2\/types\/post"}],"author":[{"embeddable":true,"href":"https:\/\/www.abchukuk.com\/index.php\/wp-json\/wp\/v2\/users\/1"}],"replies":[{"embeddable":true,"href":"https:\/\/www.abchukuk.com\/index.php\/wp-json\/wp\/v2\/comments?post=28158"}],"version-history":[{"count":0,"href":"https:\/\/www.abchukuk.com\/index.php\/wp-json\/wp\/v2\/posts\/28158\/revisions"}],"wp:attachment":[{"href":"https:\/\/www.abchukuk.com\/index.php\/wp-json\/wp\/v2\/media?parent=28158"}],"wp:term":[{"taxonomy":"category","embeddable":true,"href":"https:\/\/www.abchukuk.com\/index.php\/wp-json\/wp\/v2\/categories?post=28158"},{"taxonomy":"post_tag","embeddable":true,"href":"https:\/\/www.abchukuk.com\/index.php\/wp-json\/wp\/v2\/tags?post=28158"}],"curies":[{"name":"wp","href":"https:\/\/api.w.org\/{rel}","templated":true}]}}