{"id":28155,"date":"2026-05-01T14:54:09","date_gmt":"2026-05-01T14:54:09","guid":{"rendered":"https:\/\/www.abchukuk.com\/index.php\/2026\/05\/01\/avukat-hatice-kocaefenin-katilinin-5-suc-kaydi-ortaya-cikti\/"},"modified":"2026-05-01T14:54:09","modified_gmt":"2026-05-01T14:54:09","slug":"avukat-hatice-kocaefenin-katilinin-5-suc-kaydi-ortaya-cikti","status":"publish","type":"post","link":"https:\/\/www.abchukuk.com\/index.php\/2026\/05\/01\/avukat-hatice-kocaefenin-katilinin-5-suc-kaydi-ortaya-cikti\/","title":{"rendered":"AVUKAT HAT\u0130CE KOCAEFE\u2019N\u0130N KAT\u0130L\u0130N\u0130N 5 SU\u00c7 KAYDI ORTAYA \u00c7IKTI!"},"content":{"rendered":"<h2><b> SON.TV\/BURSA<\/b><\/h2>\n<p>\u00a0<\/p>\n<h2><b>OLAY NASIL YA\u015eANDI?<\/b><\/h2>\n<p>Bursa\u2019n\u0131n G\u00fcrsu il\u00e7esinde ya\u015fanan olayda, aralar\u0131nda alacak meselesi nedeniyle husumet bulundu\u011fu \u00f6ne s\u00fcr\u00fclen taraflar aras\u0131nda gerilim t\u0131rmand\u0131.<\/p>\n<p>\u0130ddiaya g\u00f6re Hakk\u0131 \u00c7etin, ara\u00e7la gelerek baba ve iki k\u0131z karde\u015fin \u00f6n\u00fcn\u00fc kesti ve silahla ate\u015f a\u00e7t\u0131. Sald\u0131r\u0131da gen\u00e7 avukat Hatice Kocaefe a\u011f\u0131r yaraland\u0131 ve kald\u0131r\u0131ld\u0131\u011f\u0131 hastanede hayat\u0131n\u0131 kaybetti. Karde\u015fi Elif \u00c7. ise yaral\u0131 olarak kurtuldu.<\/p>\n<h2><\/h2>\n<h2><b>KA\u00c7TI, REZ\u0130DANSTA YAKALANDI<\/b><\/h2>\n<p>Olay\u0131n ard\u0131ndan ka\u00e7an \u015f\u00fcpheli Hakk\u0131 \u00c7etin, Bursa Emniyet M\u00fcd\u00fcrl\u00fc\u011f\u00fc ekiplerinin y\u00fcr\u00fctt\u00fc\u011f\u00fc operasyonla yakalanarak g\u00f6zalt\u0131na al\u0131nd\u0131. Ayn\u0131 soru\u015fturma kapsam\u0131nda toplam 7 ki\u015finin g\u00f6zalt\u0131na al\u0131nd\u0131\u011f\u0131 bildirildi.<\/p>\n<p>\u00a0<\/p>\n<h2><b>5 SU\u00c7 KAYDI BULUNDU<\/b><\/h2>\n<p>\u015e\u00fcpheli Hakk\u0131 \u00c7etin\u2019in daha \u00f6nce 5 ayr\u0131 su\u00e7 kayd\u0131n\u0131n bulundu\u011fu bilgisi kamuoyuna yans\u0131d\u0131. Ancak bu su\u00e7lar\u0131n detaylar\u0131na ili\u015fkin resmi makamlardan kapsaml\u0131 bir a\u00e7\u0131klama yap\u0131lmad\u0131.<\/p>\n<h2><\/h2>\n<h2><b>SORU\u015eTURMA S\u00dcR\u00dcYOR<\/b><\/h2>\n<p>Bursa Cumhuriyet Ba\u015fsavc\u0131l\u0131\u011f\u0131 taraf\u0131ndan y\u00fcr\u00fct\u00fclen soru\u015fturma kapsam\u0131nda dosyada gizlilik karar\u0131 bulunuyor. \u015e\u00fcphelilerin emniyetteki i\u015flemleri devam ederken olay\u0131n t\u00fcm y\u00f6nleriyle ayd\u0131nlat\u0131lmas\u0131 bekleniyor.<\/p>\n<h2><b>ET\u0130KETLER:<\/b><\/h2>\n<p><strong>#Bursa #HaticeKocaefe #AvukatCinayeti #SonDakika #Adliye #Su\u00e7 #T\u00fcrkiye #G\u00fcndem<\/strong><\/p>\n<p>Bursa\u2019da 25 ya\u015f\u0131ndaki avukat Hatice Kocaefe\u2019nin hayat\u0131n\u0131 kaybetti\u011fi silahl\u0131 sald\u0131r\u0131n\u0131n faili Hakk\u0131 \u00c7etin yakaland\u0131. \u015e\u00fcphelinin daha \u00f6nce 5 ayr\u0131 su\u00e7 kayd\u0131n\u0131n bulundu\u011fu ortaya \u00e7\u0131kt\u0131.\u00a0<a href=\"https:\/\/www.son.tv\/avukat-hatice-kocaefenin-katilinin-5-suc-kaydi-ortaya-cikti\/\" target=\"_blank\" class=\"feedzy-rss-link-icon\">Read More<\/a><\/p>","protected":false},"excerpt":{"rendered":"<p>SON.TV\/BURSA \u00a0 OLAY NASIL YA\u015eANDI? Bursa\u2019n\u0131n G\u00fcrsu il\u00e7esinde ya\u015fanan olayda, aralar\u0131nda alacak meselesi nedeniyle husumet bulundu\u011fu \u00f6ne s\u00fcr\u00fclen taraflar aras\u0131nda gerilim t\u0131rmand\u0131. \u0130ddiaya g\u00f6re Hakk\u0131 \u00c7etin, ara\u00e7la gelerek baba ve iki k\u0131z karde\u015fin \u00f6n\u00fcn\u00fc kesti ve silahla ate\u015f a\u00e7t\u0131. Sald\u0131r\u0131da gen\u00e7 avukat Hatice Kocaefe a\u011f\u0131r yaraland\u0131 ve kald\u0131r\u0131ld\u0131\u011f\u0131 hastanede hayat\u0131n\u0131 kaybetti. Karde\u015fi Elif \u00c7. ise [&hellip;]<\/p>\n","protected":false},"author":1,"featured_media":0,"comment_status":"open","ping_status":"open","sticky":false,"template":"","format":"standard","meta":{"footnotes":"","_links_to":"","_links_to_target":""},"categories":[1],"tags":[],"class_list":["post-28155","post","type-post","status-publish","format-standard","hentry","category-haberler"],"_links":{"self":[{"href":"https:\/\/www.abchukuk.com\/index.php\/wp-json\/wp\/v2\/posts\/28155","targetHints":{"allow":["GET"]}}],"collection":[{"href":"https:\/\/www.abchukuk.com\/index.php\/wp-json\/wp\/v2\/posts"}],"about":[{"href":"https:\/\/www.abchukuk.com\/index.php\/wp-json\/wp\/v2\/types\/post"}],"author":[{"embeddable":true,"href":"https:\/\/www.abchukuk.com\/index.php\/wp-json\/wp\/v2\/users\/1"}],"replies":[{"embeddable":true,"href":"https:\/\/www.abchukuk.com\/index.php\/wp-json\/wp\/v2\/comments?post=28155"}],"version-history":[{"count":0,"href":"https:\/\/www.abchukuk.com\/index.php\/wp-json\/wp\/v2\/posts\/28155\/revisions"}],"wp:attachment":[{"href":"https:\/\/www.abchukuk.com\/index.php\/wp-json\/wp\/v2\/media?parent=28155"}],"wp:term":[{"taxonomy":"category","embeddable":true,"href":"https:\/\/www.abchukuk.com\/index.php\/wp-json\/wp\/v2\/categories?post=28155"},{"taxonomy":"post_tag","embeddable":true,"href":"https:\/\/www.abchukuk.com\/index.php\/wp-json\/wp\/v2\/tags?post=28155"}],"curies":[{"name":"wp","href":"https:\/\/api.w.org\/{rel}","templated":true}]}}