{"id":28150,"date":"2026-05-01T13:14:33","date_gmt":"2026-05-01T13:14:33","guid":{"rendered":"https:\/\/www.abchukuk.com\/index.php\/2026\/05\/01\/sumud-filosunda-gozaltina-alinan-aktivistler-yunanistanda\/"},"modified":"2026-05-01T13:14:33","modified_gmt":"2026-05-01T13:14:33","slug":"sumud-filosunda-gozaltina-alinan-aktivistler-yunanistanda","status":"publish","type":"post","link":"https:\/\/www.abchukuk.com\/index.php\/2026\/05\/01\/sumud-filosunda-gozaltina-alinan-aktivistler-yunanistanda\/","title":{"rendered":"Sumud Filosu&#8217;nda g\u00f6zalt\u0131na al\u0131nan aktivistler Yunanistan&#8217;da"},"content":{"rendered":"<p>Gazze&#8217;ye yard\u0131m g\u00f6t\u00fcrmek i\u00e7in yola \u00e7\u0131kan K\u00fcresel Sumud Filosu&#8217;nda \u0130srail taraf\u0131ndan g\u00f6zalt\u0131na al\u0131nan aktivistler Yunanistan&#8217;a g\u00f6t\u00fcr\u00fcl\u00fcyor. TBMM &#8220;sava\u015f su\u00e7u&#8221; olarak niteledi\u011fi m\u00fcdahalede g\u00f6zalt\u0131na al\u0131nan 20&#8217;si T\u00fcrk 175 ki\u015finin derhal serbest b\u0131rak\u0131lmas\u0131 \u00e7a\u011fr\u0131s\u0131 yapt\u0131.Gazze&#8217;ye yard\u0131m g\u00f6t\u00fcrmek i\u00e7in yola \u00e7\u0131kan K\u00fcresel Sumud Filosu&#8217;nda \u0130srail taraf\u0131ndan g\u00f6zalt\u0131na al\u0131nan aktivistler Yunanistan&#8217;a g\u00f6t\u00fcr\u00fcl\u00fcyor. TBMM &#8220;sava\u015f su\u00e7u&#8221; olarak niteledi\u011fi m\u00fcdahalede g\u00f6zalt\u0131na al\u0131nan 20&#8217;si T\u00fcrk 175 ki\u015finin derhal serbest b\u0131rak\u0131lmas\u0131 \u00e7a\u011fr\u0131s\u0131 yapt\u0131.\u00a0<a href=\"https:\/\/www.bbc.com\/turkce\/articles\/c3d2vr4n9lmo?at_medium=RSS&amp;at_campaign=rss\" target=\"_blank\" class=\"feedzy-rss-link-icon\">Read More<\/a><\/p>","protected":false},"excerpt":{"rendered":"<p>Gazze&#8217;ye yard\u0131m g\u00f6t\u00fcrmek i\u00e7in yola \u00e7\u0131kan K\u00fcresel Sumud Filosu&#8217;nda \u0130srail taraf\u0131ndan g\u00f6zalt\u0131na al\u0131nan aktivistler Yunanistan&#8217;a g\u00f6t\u00fcr\u00fcl\u00fcyor. TBMM &#8220;sava\u015f su\u00e7u&#8221; olarak niteledi\u011fi m\u00fcdahalede g\u00f6zalt\u0131na al\u0131nan 20&#8217;si T\u00fcrk 175 ki\u015finin derhal serbest b\u0131rak\u0131lmas\u0131 \u00e7a\u011fr\u0131s\u0131 yapt\u0131.Gazze&#8217;ye yard\u0131m g\u00f6t\u00fcrmek i\u00e7in yola \u00e7\u0131kan K\u00fcresel Sumud Filosu&#8217;nda \u0130srail taraf\u0131ndan g\u00f6zalt\u0131na al\u0131nan aktivistler Yunanistan&#8217;a g\u00f6t\u00fcr\u00fcl\u00fcyor. TBMM &#8220;sava\u015f su\u00e7u&#8221; olarak niteledi\u011fi m\u00fcdahalede g\u00f6zalt\u0131na [&hellip;]<\/p>\n","protected":false},"author":1,"featured_media":28151,"comment_status":"open","ping_status":"open","sticky":false,"template":"","format":"standard","meta":{"footnotes":"","_links_to":"","_links_to_target":""},"categories":[1],"tags":[],"class_list":["post-28150","post","type-post","status-publish","format-standard","has-post-thumbnail","hentry","category-haberler"],"_links":{"self":[{"href":"https:\/\/www.abchukuk.com\/index.php\/wp-json\/wp\/v2\/posts\/28150","targetHints":{"allow":["GET"]}}],"collection":[{"href":"https:\/\/www.abchukuk.com\/index.php\/wp-json\/wp\/v2\/posts"}],"about":[{"href":"https:\/\/www.abchukuk.com\/index.php\/wp-json\/wp\/v2\/types\/post"}],"author":[{"embeddable":true,"href":"https:\/\/www.abchukuk.com\/index.php\/wp-json\/wp\/v2\/users\/1"}],"replies":[{"embeddable":true,"href":"https:\/\/www.abchukuk.com\/index.php\/wp-json\/wp\/v2\/comments?post=28150"}],"version-history":[{"count":0,"href":"https:\/\/www.abchukuk.com\/index.php\/wp-json\/wp\/v2\/posts\/28150\/revisions"}],"wp:featuredmedia":[{"embeddable":true,"href":"https:\/\/www.abchukuk.com\/index.php\/wp-json\/wp\/v2\/media\/28151"}],"wp:attachment":[{"href":"https:\/\/www.abchukuk.com\/index.php\/wp-json\/wp\/v2\/media?parent=28150"}],"wp:term":[{"taxonomy":"category","embeddable":true,"href":"https:\/\/www.abchukuk.com\/index.php\/wp-json\/wp\/v2\/categories?post=28150"},{"taxonomy":"post_tag","embeddable":true,"href":"https:\/\/www.abchukuk.com\/index.php\/wp-json\/wp\/v2\/tags?post=28150"}],"curies":[{"name":"wp","href":"https:\/\/api.w.org\/{rel}","templated":true}]}}