{"id":28147,"date":"2026-05-01T11:17:48","date_gmt":"2026-05-01T11:17:48","guid":{"rendered":"https:\/\/www.abchukuk.com\/index.php\/2026\/05\/01\/1-mayista-taksime-yurumek-isteyenlere-polis-mudahalesi-gozalti-sayisi-350ye-yukseldi\/"},"modified":"2026-05-01T11:17:48","modified_gmt":"2026-05-01T11:17:48","slug":"1-mayista-taksime-yurumek-isteyenlere-polis-mudahalesi-gozalti-sayisi-350ye-yukseldi","status":"publish","type":"post","link":"https:\/\/www.abchukuk.com\/index.php\/2026\/05\/01\/1-mayista-taksime-yurumek-isteyenlere-polis-mudahalesi-gozalti-sayisi-350ye-yukseldi\/","title":{"rendered":"1 May\u0131s\u2019ta Taksim\u2019e y\u00fcr\u00fcmek isteyenlere polis m\u00fcdahalesi: G\u00f6zalt\u0131 say\u0131s\u0131 350\u2019ye y\u00fckseldi"},"content":{"rendered":"<p>\u0130stanbul&#8217;da Taksim Meydan\u0131\u2019na y\u00fcr\u00fcmek isteyen gruplara Be\u015fikta\u015f ve Mecidiyek\u00f6y ba\u015fta olmak \u00fczere bir\u00e7ok noktada polis m\u00fcdahale etti. \u00c7HD \u0130stanbul \u015eubesi, kentte g\u00f6zalt\u0131 say\u0131s\u0131n\u0131n 350\u2019ye y\u00fckseldi\u011fini a\u00e7\u0131klad\u0131.\u0130stanbul&#8217;da Taksim Meydan\u0131\u2019na y\u00fcr\u00fcmek isteyen gruplara Be\u015fikta\u015f ve Mecidiyek\u00f6y ba\u015fta olmak \u00fczere bir\u00e7ok noktada polis m\u00fcdahale etti. \u00c7HD \u0130stanbul \u015eubesi, kentte g\u00f6zalt\u0131 say\u0131s\u0131n\u0131n 350\u2019ye y\u00fckseldi\u011fini a\u00e7\u0131klad\u0131.\u00a0<a href=\"http:\/\/tr.euronews.com\/2026\/05\/01\/1-mayista-taksime-yurumek-isteyenlere-polis-mudahalesi-gozalti-sayisi-350ye-yukseldi\" target=\"_blank\" class=\"feedzy-rss-link-icon\">Read More<\/a><\/p>","protected":false},"excerpt":{"rendered":"<p>\u0130stanbul&#8217;da Taksim Meydan\u0131\u2019na y\u00fcr\u00fcmek isteyen gruplara Be\u015fikta\u015f ve Mecidiyek\u00f6y ba\u015fta olmak \u00fczere bir\u00e7ok noktada polis m\u00fcdahale etti. \u00c7HD \u0130stanbul \u015eubesi, kentte g\u00f6zalt\u0131 say\u0131s\u0131n\u0131n 350\u2019ye y\u00fckseldi\u011fini a\u00e7\u0131klad\u0131.\u0130stanbul&#8217;da Taksim Meydan\u0131\u2019na y\u00fcr\u00fcmek isteyen gruplara Be\u015fikta\u015f ve Mecidiyek\u00f6y ba\u015fta olmak \u00fczere bir\u00e7ok noktada polis m\u00fcdahale etti. \u00c7HD \u0130stanbul \u015eubesi, kentte g\u00f6zalt\u0131 say\u0131s\u0131n\u0131n 350\u2019ye y\u00fckseldi\u011fini a\u00e7\u0131klad\u0131.\u00a0Read More<\/p>\n","protected":false},"author":1,"featured_media":0,"comment_status":"open","ping_status":"open","sticky":false,"template":"","format":"standard","meta":{"footnotes":"","_links_to":"","_links_to_target":""},"categories":[1],"tags":[],"class_list":["post-28147","post","type-post","status-publish","format-standard","hentry","category-haberler"],"_links":{"self":[{"href":"https:\/\/www.abchukuk.com\/index.php\/wp-json\/wp\/v2\/posts\/28147","targetHints":{"allow":["GET"]}}],"collection":[{"href":"https:\/\/www.abchukuk.com\/index.php\/wp-json\/wp\/v2\/posts"}],"about":[{"href":"https:\/\/www.abchukuk.com\/index.php\/wp-json\/wp\/v2\/types\/post"}],"author":[{"embeddable":true,"href":"https:\/\/www.abchukuk.com\/index.php\/wp-json\/wp\/v2\/users\/1"}],"replies":[{"embeddable":true,"href":"https:\/\/www.abchukuk.com\/index.php\/wp-json\/wp\/v2\/comments?post=28147"}],"version-history":[{"count":0,"href":"https:\/\/www.abchukuk.com\/index.php\/wp-json\/wp\/v2\/posts\/28147\/revisions"}],"wp:attachment":[{"href":"https:\/\/www.abchukuk.com\/index.php\/wp-json\/wp\/v2\/media?parent=28147"}],"wp:term":[{"taxonomy":"category","embeddable":true,"href":"https:\/\/www.abchukuk.com\/index.php\/wp-json\/wp\/v2\/categories?post=28147"},{"taxonomy":"post_tag","embeddable":true,"href":"https:\/\/www.abchukuk.com\/index.php\/wp-json\/wp\/v2\/tags?post=28147"}],"curies":[{"name":"wp","href":"https:\/\/api.w.org\/{rel}","templated":true}]}}