{"id":28146,"date":"2026-05-01T12:57:11","date_gmt":"2026-05-01T12:57:11","guid":{"rendered":"https:\/\/www.abchukuk.com\/index.php\/2026\/05\/01\/avukat-ve-muezzin-ayni-dosyada-kutahya-merkezli-suc-orgutu-operasyonu-gundem-oldu\/"},"modified":"2026-05-01T12:57:11","modified_gmt":"2026-05-01T12:57:11","slug":"avukat-ve-muezzin-ayni-dosyada-kutahya-merkezli-suc-orgutu-operasyonu-gundem-oldu","status":"publish","type":"post","link":"https:\/\/www.abchukuk.com\/index.php\/2026\/05\/01\/avukat-ve-muezzin-ayni-dosyada-kutahya-merkezli-suc-orgutu-operasyonu-gundem-oldu\/","title":{"rendered":"AVUKAT VE M\u00dcEZZ\u0130N AYNI DOSYADA! K\u00dcTAHYA MERKEZL\u0130 SU\u00c7 \u00d6RG\u00dcT\u00dc OPERASYONU G\u00dcNDEM OLDU!"},"content":{"rendered":"<p><strong>SON.TV\/K\u00dcTAHYA<\/strong><\/p>\n<p>\u00a0<\/p>\n<p>\u00a0<\/p>\n<p><b>\u0130K\u0130 \u0130LDE E\u015e ZAMANLI OPERASYON<\/b><br \/>\nK\u00fctahya \u0130l Emniyet M\u00fcd\u00fcrl\u00fc\u011f\u00fc Ka\u00e7ak\u00e7\u0131l\u0131k ve Organize Su\u00e7larla M\u00fccadele ekipleri taraf\u0131ndan y\u00fcr\u00fct\u00fclen kapsaml\u0131 soru\u015fturma, uzun s\u00fcren teknik ve fiziki takibin ard\u0131ndan operasyona d\u00f6n\u00fc\u015ft\u00fc.<\/p>\n<p>K\u00fctahya merkezli planlanan operasyon kapsam\u0131nda Antalya ile birlikte iki ilde belirlenen adreslere e\u015f zamanl\u0131 bask\u0131nlar d\u00fczenlendi. Operasyonlarda toplam 7 \u015f\u00fcpheli yakalanarak g\u00f6zalt\u0131na al\u0131nd\u0131.<\/p>\n<p><b>D\u0130KKAT \u00c7EKEN DETAY: MESLEKLER\u0130 G\u00dcNDEM OLDU<\/b><br \/>\nSoru\u015fturman\u0131n en \u00e7arp\u0131c\u0131 y\u00f6nlerinden biri, g\u00f6zalt\u0131na al\u0131nan \u015f\u00fcpheliler aras\u0131nda bir avukat ile bir m\u00fcezzinin de bulunmas\u0131 oldu.<\/p>\n<p>Farkl\u0131 meslek gruplar\u0131ndan ki\u015filerin ayn\u0131 su\u00e7 dosyas\u0131nda yer almas\u0131, kamuoyunda geni\u015f yank\u0131 uyand\u0131r\u0131rken, olay\u0131n boyutuna ili\u015fkin soru i\u015faretlerini de beraberinde getirdi.<\/p>\n<p><b>SU\u00c7LAMALAR A\u011eIR: \u00d6RG\u00dcTL\u00dc YAPI \u0130DD\u0130ASI<\/b><br \/>\nG\u00fcvenlik kaynaklar\u0131ndan edinilen bilgilere g\u00f6re \u015f\u00fcpheliler hakk\u0131nda \u201c\u00e7\u0131kar ama\u00e7l\u0131 su\u00e7 \u00f6rg\u00fct\u00fc kurmak\u201d ba\u015fta olmak \u00fczere \u00e7e\u015fitli su\u00e7lamalar bulunuyor.<\/p>\n<p>\u0130ddialara g\u00f6re, zanl\u0131lar organize bir yap\u0131 i\u00e7erisinde hareket ederek yasa d\u0131\u015f\u0131 faaliyetlerde bulundu. Soru\u015fturma dosyas\u0131nda \u00f6rg\u00fctsel faaliyetlerin kapsam\u0131n\u0131n geni\u015f oldu\u011fu de\u011ferlendiriliyor.<\/p>\n<p><b>\u015e\u00dcPHEL\u0130LER ADL\u0130YEYE SEVK ED\u0130LD\u0130<\/b><br \/>\nEmniyetteki i\u015flemleri tamamlanan \u015f\u00fcpheliler, geni\u015f g\u00fcvenlik \u00f6nlemleri alt\u0131nda K\u00fctahya Adliyesi\u2019ne sevk edildi. Sevk s\u0131ras\u0131nda \u00e7evrede yo\u011fun g\u00fcvenlik tedbirleri dikkat \u00e7ekti.<\/p>\n<p>Savc\u0131l\u0131k taraf\u0131ndan yap\u0131lacak de\u011ferlendirmelerin ard\u0131ndan \u015f\u00fcphelilerin adli durumlar\u0131n\u0131n netle\u015fmesi bekleniyor.<\/p>\n<p><b>SORU\u015eTURMA DER\u0130NLE\u015e\u0130YOR<\/b><br \/>\nYetkililer, operasyonun sadece ba\u015flang\u0131\u00e7 olabilece\u011fine dikkat \u00e7ekiyor. Ele ge\u00e7irilen dijital materyaller ve belgeler incelemeye al\u0131n\u0131rken, \u00f6rg\u00fct\u00fcn finansal yap\u0131s\u0131 ve ba\u011flant\u0131lar\u0131n\u0131n ara\u015ft\u0131r\u0131ld\u0131\u011f\u0131 \u00f6\u011frenildi.<\/p>\n<p>Yeni g\u00f6zalt\u0131lar\u0131n g\u00fcndeme gelebilece\u011fi belirtilirken, soru\u015fturman\u0131n \u00e7ok y\u00f6nl\u00fc olarak s\u00fcrd\u00fc\u011f\u00fc ifade ediliyor.<\/p>\n<p><b>TOPLUMDA YANKI UYANDIRDI<\/b><br \/>\nBir avukat\u0131n ve dini g\u00f6rev yapan bir m\u00fcezzinin ayn\u0131 soru\u015fturma kapsam\u0131nda yer almas\u0131, hem hukuk \u00e7evrelerinde hem de kamuoyunda tart\u0131\u015fma yaratt\u0131.<\/p>\n<p>Uzmanlara g\u00f6re, farkl\u0131 meslek gruplar\u0131n\u0131n bu t\u00fcr yap\u0131larda yer almas\u0131, organize su\u00e7 \u00f6rg\u00fctlerinin yap\u0131s\u0131n\u0131n daha karma\u015f\u0131k hale geldi\u011fini g\u00f6steriyor.<\/p>\n<p><b>ORGAN\u0130ZE SU\u00c7LA M\u00dcCADELE S\u00dcR\u00dcYOR<\/b><br \/>\nT\u00fcrkiye genelinde son d\u00f6nemde organize su\u00e7 \u00f6rg\u00fctlerine y\u00f6nelik operasyonlar\u0131n h\u0131z kazand\u0131\u011f\u0131 g\u00f6zlenirken, emniyet birimlerinin bu t\u00fcr yap\u0131lanmalara kar\u015f\u0131 kararl\u0131 m\u00fccadelesi devam ediyor.<\/p>\n<p>K\u00fctahya merkezli bu operasyon da, g\u00fcvenlik g\u00fc\u00e7lerinin su\u00e7 \u00f6rg\u00fctlerine kar\u015f\u0131 y\u00fcr\u00fctt\u00fc\u011f\u00fc kapsaml\u0131 m\u00fccadelenin son \u00f6rneklerinden biri olarak dikkat \u00e7ekti.<\/p>\n<p><b>ET\u0130KETLER:<\/b><br \/>\n#K\u00fctahya #Su\u00e7\u00d6rg\u00fct\u00fc #Operasyon #Avukat #M\u00fcezzin #Emniyet #Adliye #G\u00f6zalt\u0131 #T\u00fcrkiyeG\u00fcndemi<\/p>\n<p>K\u00fctahya merkezli y\u00fcr\u00fct\u00fclen organize su\u00e7 soru\u015fturmas\u0131nda dikkat \u00e7eken detay\u2026 Aralar\u0131nda bir avukat ve bir m\u00fcezzinin de bulundu\u011fu 7 \u015f\u00fcpheli, iki ilde e\u015f zamanl\u0131 operasyonla g\u00f6zalt\u0131na al\u0131nd\u0131.\u00a0<a href=\"https:\/\/www.son.tv\/avukat-ve-muezzin-ayni-dosyada-kutahya-merkezli-suc-orgutu-operasyonu-gundem-oldu\/\" target=\"_blank\" class=\"feedzy-rss-link-icon\">Read More<\/a><\/p>","protected":false},"excerpt":{"rendered":"<p>SON.TV\/K\u00dcTAHYA \u00a0 \u00a0 \u0130K\u0130 \u0130LDE E\u015e ZAMANLI OPERASYON K\u00fctahya \u0130l Emniyet M\u00fcd\u00fcrl\u00fc\u011f\u00fc Ka\u00e7ak\u00e7\u0131l\u0131k ve Organize Su\u00e7larla M\u00fccadele ekipleri taraf\u0131ndan y\u00fcr\u00fct\u00fclen kapsaml\u0131 soru\u015fturma, uzun s\u00fcren teknik ve fiziki takibin ard\u0131ndan operasyona d\u00f6n\u00fc\u015ft\u00fc. K\u00fctahya merkezli planlanan operasyon kapsam\u0131nda Antalya ile birlikte iki ilde belirlenen adreslere e\u015f zamanl\u0131 bask\u0131nlar d\u00fczenlendi. Operasyonlarda toplam 7 \u015f\u00fcpheli yakalanarak g\u00f6zalt\u0131na al\u0131nd\u0131. D\u0130KKAT [&hellip;]<\/p>\n","protected":false},"author":1,"featured_media":0,"comment_status":"open","ping_status":"open","sticky":false,"template":"","format":"standard","meta":{"footnotes":"","_links_to":"","_links_to_target":""},"categories":[1],"tags":[],"class_list":["post-28146","post","type-post","status-publish","format-standard","hentry","category-haberler"],"_links":{"self":[{"href":"https:\/\/www.abchukuk.com\/index.php\/wp-json\/wp\/v2\/posts\/28146","targetHints":{"allow":["GET"]}}],"collection":[{"href":"https:\/\/www.abchukuk.com\/index.php\/wp-json\/wp\/v2\/posts"}],"about":[{"href":"https:\/\/www.abchukuk.com\/index.php\/wp-json\/wp\/v2\/types\/post"}],"author":[{"embeddable":true,"href":"https:\/\/www.abchukuk.com\/index.php\/wp-json\/wp\/v2\/users\/1"}],"replies":[{"embeddable":true,"href":"https:\/\/www.abchukuk.com\/index.php\/wp-json\/wp\/v2\/comments?post=28146"}],"version-history":[{"count":0,"href":"https:\/\/www.abchukuk.com\/index.php\/wp-json\/wp\/v2\/posts\/28146\/revisions"}],"wp:attachment":[{"href":"https:\/\/www.abchukuk.com\/index.php\/wp-json\/wp\/v2\/media?parent=28146"}],"wp:term":[{"taxonomy":"category","embeddable":true,"href":"https:\/\/www.abchukuk.com\/index.php\/wp-json\/wp\/v2\/categories?post=28146"},{"taxonomy":"post_tag","embeddable":true,"href":"https:\/\/www.abchukuk.com\/index.php\/wp-json\/wp\/v2\/tags?post=28146"}],"curies":[{"name":"wp","href":"https:\/\/api.w.org\/{rel}","templated":true}]}}