{"id":28135,"date":"2026-05-01T07:36:00","date_gmt":"2026-05-01T07:36:00","guid":{"rendered":"https:\/\/www.abchukuk.com\/index.php\/2026\/05\/01\/mahsun-kirmizigulden-sert-1-mayis-paylasimi-bir-avuc-insanin-yaptigi-yolsuzluklar-yuzunden-3\/"},"modified":"2026-05-01T07:36:00","modified_gmt":"2026-05-01T07:36:00","slug":"mahsun-kirmizigulden-sert-1-mayis-paylasimi-bir-avuc-insanin-yaptigi-yolsuzluklar-yuzunden-3","status":"publish","type":"post","link":"https:\/\/www.abchukuk.com\/index.php\/2026\/05\/01\/mahsun-kirmizigulden-sert-1-mayis-paylasimi-bir-avuc-insanin-yaptigi-yolsuzluklar-yuzunden-3\/","title":{"rendered":"Mahsun K\u0131rm\u0131z\u0131g\u00fcl\u2019den sert 1 May\u0131s payla\u015f\u0131m\u0131: &#8216;Bir avu\u00e7 insan\u0131n yapt\u0131\u011f\u0131 yolsuzluklar y\u00fcz\u00fcnden&#8230;&#8217;"},"content":{"rendered":"<p>Sanat\u00e7\u0131 Mahsun K\u0131rm\u0131z\u0131g\u00fcl, 1 May\u0131s payla\u015f\u0131m\u0131nda yolsuzluk ve ekonomik adaletsizli\u011fe dikkat \u00e7ekti. Sanat d\u00fcnyas\u0131ndan bir\u00e7ok isim de Emek ve Dayan\u0131\u015fma G\u00fcn\u00fc\u2019n\u00fc sosyal medya mesajlar\u0131yla kutlad\u0131.Sanat\u00e7\u0131 Mahsun K\u0131rm\u0131z\u0131g\u00fcl, 1 May\u0131s payla\u015f\u0131m\u0131nda yolsuzluk ve ekonomik adaletsizli\u011fe dikkat \u00e7ekti. Sanat d\u00fcnyas\u0131ndan bir\u00e7ok isim de Emek ve Dayan\u0131\u015fma G\u00fcn\u00fc\u2019n\u00fc sosyal medya mesajlar\u0131yla kutlad\u0131.\u00a0<a href=\"https:\/\/www.cumhuriyet.com.tr\/yasam\/mahsun-kirmizigul-den-sert-1-mayis-paylasimi-bir-avuc-insanin-yaptigi-yolsuzluklar-yuzunden-2500113\" target=\"_blank\" class=\"feedzy-rss-link-icon\">Read More<\/a><\/p>","protected":false},"excerpt":{"rendered":"<p>Sanat\u00e7\u0131 Mahsun K\u0131rm\u0131z\u0131g\u00fcl, 1 May\u0131s payla\u015f\u0131m\u0131nda yolsuzluk ve ekonomik adaletsizli\u011fe dikkat \u00e7ekti. Sanat d\u00fcnyas\u0131ndan bir\u00e7ok isim de Emek ve Dayan\u0131\u015fma G\u00fcn\u00fc\u2019n\u00fc sosyal medya mesajlar\u0131yla kutlad\u0131.Sanat\u00e7\u0131 Mahsun K\u0131rm\u0131z\u0131g\u00fcl, 1 May\u0131s payla\u015f\u0131m\u0131nda yolsuzluk ve ekonomik adaletsizli\u011fe dikkat \u00e7ekti. Sanat d\u00fcnyas\u0131ndan bir\u00e7ok isim de Emek ve Dayan\u0131\u015fma G\u00fcn\u00fc\u2019n\u00fc sosyal medya mesajlar\u0131yla kutlad\u0131.\u00a0Read More<\/p>\n","protected":false},"author":1,"featured_media":28133,"comment_status":"open","ping_status":"open","sticky":false,"template":"","format":"standard","meta":{"footnotes":"","_links_to":"","_links_to_target":""},"categories":[1],"tags":[],"class_list":["post-28135","post","type-post","status-publish","format-standard","has-post-thumbnail","hentry","category-haberler"],"_links":{"self":[{"href":"https:\/\/www.abchukuk.com\/index.php\/wp-json\/wp\/v2\/posts\/28135","targetHints":{"allow":["GET"]}}],"collection":[{"href":"https:\/\/www.abchukuk.com\/index.php\/wp-json\/wp\/v2\/posts"}],"about":[{"href":"https:\/\/www.abchukuk.com\/index.php\/wp-json\/wp\/v2\/types\/post"}],"author":[{"embeddable":true,"href":"https:\/\/www.abchukuk.com\/index.php\/wp-json\/wp\/v2\/users\/1"}],"replies":[{"embeddable":true,"href":"https:\/\/www.abchukuk.com\/index.php\/wp-json\/wp\/v2\/comments?post=28135"}],"version-history":[{"count":0,"href":"https:\/\/www.abchukuk.com\/index.php\/wp-json\/wp\/v2\/posts\/28135\/revisions"}],"wp:featuredmedia":[{"embeddable":true,"href":"https:\/\/www.abchukuk.com\/index.php\/wp-json\/wp\/v2\/media\/28133"}],"wp:attachment":[{"href":"https:\/\/www.abchukuk.com\/index.php\/wp-json\/wp\/v2\/media?parent=28135"}],"wp:term":[{"taxonomy":"category","embeddable":true,"href":"https:\/\/www.abchukuk.com\/index.php\/wp-json\/wp\/v2\/categories?post=28135"},{"taxonomy":"post_tag","embeddable":true,"href":"https:\/\/www.abchukuk.com\/index.php\/wp-json\/wp\/v2\/tags?post=28135"}],"curies":[{"name":"wp","href":"https:\/\/api.w.org\/{rel}","templated":true}]}}