{"id":28121,"date":"2026-05-01T10:43:00","date_gmt":"2026-05-01T10:43:00","guid":{"rendered":"https:\/\/www.abchukuk.com\/index.php\/2026\/05\/01\/ev-baskinlariyla-1-mayis-gozaltilari-23-kisiye-tutuklama-talebi-2\/"},"modified":"2026-05-01T10:43:00","modified_gmt":"2026-05-01T10:43:00","slug":"ev-baskinlariyla-1-mayis-gozaltilari-23-kisiye-tutuklama-talebi-2","status":"publish","type":"post","link":"https:\/\/www.abchukuk.com\/index.php\/2026\/05\/01\/ev-baskinlariyla-1-mayis-gozaltilari-23-kisiye-tutuklama-talebi-2\/","title":{"rendered":"Ev bask\u0131nlar\u0131yla &#8216;1 May\u0131s&#8217; g\u00f6zalt\u0131lar\u0131: 23 ki\u015fiye tutuklama talebi"},"content":{"rendered":"<p>1 May\u0131s \u00f6ncesi d\u00fczenlenen ev bask\u0131nlar\u0131nda g\u00f6zalt\u0131na al\u0131nan 47 ki\u015fiden 23\u2019\u00fc, tutuklama talebiyle sulh ceza hakimli\u011fine sevk edildi. G\u00f6zalt\u0131ndaki di\u011fer 24 ki\u015finin Emniyet&#8217;teki ifade i\u015flemleri ise s\u00fcr\u00fcyor.1 May\u0131s \u00f6ncesi d\u00fczenlenen ev bask\u0131nlar\u0131nda g\u00f6zalt\u0131na al\u0131nan 47 ki\u015fiden 23\u2019\u00fc, tutuklama talebiyle sulh ceza hakimli\u011fine sevk edildi. G\u00f6zalt\u0131ndaki di\u011fer 24 ki\u015finin Emniyet&#8217;teki ifade i\u015flemleri ise s\u00fcr\u00fcyor.\u00a0<a href=\"https:\/\/www.cumhuriyet.com.tr\/turkiye\/ev-baskinlariyla-1-mayis-gozaltilari-23-kisiye-tutuklama-talebi-2500165\" target=\"_blank\" class=\"feedzy-rss-link-icon\">Read More<\/a><\/p>","protected":false},"excerpt":{"rendered":"<p>1 May\u0131s \u00f6ncesi d\u00fczenlenen ev bask\u0131nlar\u0131nda g\u00f6zalt\u0131na al\u0131nan 47 ki\u015fiden 23\u2019\u00fc, tutuklama talebiyle sulh ceza hakimli\u011fine sevk edildi. G\u00f6zalt\u0131ndaki di\u011fer 24 ki\u015finin Emniyet&#8217;teki ifade i\u015flemleri ise s\u00fcr\u00fcyor.1 May\u0131s \u00f6ncesi d\u00fczenlenen ev bask\u0131nlar\u0131nda g\u00f6zalt\u0131na al\u0131nan 47 ki\u015fiden 23\u2019\u00fc, tutuklama talebiyle sulh ceza hakimli\u011fine sevk edildi. G\u00f6zalt\u0131ndaki di\u011fer 24 ki\u015finin Emniyet&#8217;teki ifade i\u015flemleri ise s\u00fcr\u00fcyor.\u00a0Read More<\/p>\n","protected":false},"author":1,"featured_media":28124,"comment_status":"open","ping_status":"open","sticky":false,"template":"","format":"standard","meta":{"footnotes":"","_links_to":"","_links_to_target":""},"categories":[1],"tags":[],"class_list":["post-28121","post","type-post","status-publish","format-standard","has-post-thumbnail","hentry","category-haberler"],"_links":{"self":[{"href":"https:\/\/www.abchukuk.com\/index.php\/wp-json\/wp\/v2\/posts\/28121","targetHints":{"allow":["GET"]}}],"collection":[{"href":"https:\/\/www.abchukuk.com\/index.php\/wp-json\/wp\/v2\/posts"}],"about":[{"href":"https:\/\/www.abchukuk.com\/index.php\/wp-json\/wp\/v2\/types\/post"}],"author":[{"embeddable":true,"href":"https:\/\/www.abchukuk.com\/index.php\/wp-json\/wp\/v2\/users\/1"}],"replies":[{"embeddable":true,"href":"https:\/\/www.abchukuk.com\/index.php\/wp-json\/wp\/v2\/comments?post=28121"}],"version-history":[{"count":0,"href":"https:\/\/www.abchukuk.com\/index.php\/wp-json\/wp\/v2\/posts\/28121\/revisions"}],"wp:featuredmedia":[{"embeddable":true,"href":"https:\/\/www.abchukuk.com\/index.php\/wp-json\/wp\/v2\/media\/28124"}],"wp:attachment":[{"href":"https:\/\/www.abchukuk.com\/index.php\/wp-json\/wp\/v2\/media?parent=28121"}],"wp:term":[{"taxonomy":"category","embeddable":true,"href":"https:\/\/www.abchukuk.com\/index.php\/wp-json\/wp\/v2\/categories?post=28121"},{"taxonomy":"post_tag","embeddable":true,"href":"https:\/\/www.abchukuk.com\/index.php\/wp-json\/wp\/v2\/tags?post=28121"}],"curies":[{"name":"wp","href":"https:\/\/api.w.org\/{rel}","templated":true}]}}