{"id":28114,"date":"2026-05-01T09:32:46","date_gmt":"2026-05-01T09:32:46","guid":{"rendered":"https:\/\/www.abchukuk.com\/index.php\/2026\/05\/01\/hsk-uyesi-yurtseverden-mersin-adliyesine-ziyaret\/"},"modified":"2026-05-01T09:32:46","modified_gmt":"2026-05-01T09:32:46","slug":"hsk-uyesi-yurtseverden-mersin-adliyesine-ziyaret","status":"publish","type":"post","link":"https:\/\/www.abchukuk.com\/index.php\/2026\/05\/01\/hsk-uyesi-yurtseverden-mersin-adliyesine-ziyaret\/","title":{"rendered":"HSK \u00dcyesi Yurtsever\u2019den Mersin Adliyesi\u2019ne ziyaret"},"content":{"rendered":"<p>Hakimler ve Savc\u0131lar Kurulu 1. Daire \u00dcyesi Havvanur Yurtsever, Mersin Adliyesi\u2019ne ger\u00e7ekle\u015ftirdi\u011fi ziyaret kapsam\u0131nda yarg\u0131 hizmetlerinin i\u015fleyi\u015fini yerinde inceledi. Yurtsever, Mersin Cumhuriyet Ba\u015fsavc\u0131s\u0131 Ahmet \u00c7elikkol, Adalet Komisyonu Ba\u015fkan\u0131 Serdar Ceylan ve Mersin \u0130dare Mahkemesi Ba\u015fkan\u0131 Mahmut Ta\u015f\u00e7\u0131 taraf\u0131ndan kar\u015f\u0131land\u0131.<\/p>\n<p><a href=\"https:\/\/www.son.tv\/wp-content\/uploads\/2026\/05\/WhatsApp-Image-2026-05-01-at-12.16.02.jpeg\"><img fetchpriority=\"high\" decoding=\"async\" class=\"alignnone size-large wp-image-171882\" src=\"https:\/\/www.son.tv\/wp-content\/uploads\/2026\/05\/WhatsApp-Image-2026-05-01-at-12.16.02-1024x682.jpeg\" alt=\"\" width=\"1024\" height=\"682\" \/><\/a><\/p>\n<p>KURUMSAL \u0130\u015eLEY\u0130\u015e DE\u011eERLEND\u0130R\u0130LD\u0130<\/p>\n<p>Adliye birimlerinde incelemelerde bulunan Yurtsever, y\u00fcr\u00fct\u00fclen \u00e7al\u0131\u015fmalara ili\u015fkin yetkililerden bilgi ald\u0131. Ziyaret kapsam\u0131nda, yarg\u0131 hizmetlerinin etkinli\u011fi, i\u015f s\u00fcre\u00e7lerinin h\u0131zland\u0131r\u0131lmas\u0131 ve hizmet kalitesinin art\u0131r\u0131lmas\u0131na y\u00f6nelik konular ele al\u0131nd\u0131.<\/p>\n<p><a href=\"https:\/\/www.son.tv\/wp-content\/uploads\/2026\/05\/WhatsApp-Image-2026-05-01-at-12.16.02-1.jpeg\"><img decoding=\"async\" class=\"alignnone size-large wp-image-171883\" src=\"https:\/\/www.son.tv\/wp-content\/uploads\/2026\/05\/WhatsApp-Image-2026-05-01-at-12.16.02-1-1024x682.jpeg\" alt=\"\" width=\"1024\" height=\"682\" \/><\/a><\/p>\n<p>HAK\u0130M VE SAVCILARLA TOPLANTI<\/p>\n<p>Program\u0131n devam\u0131nda konferans salonunda Hakim ve Cumhuriyet Savc\u0131lar\u0131yla bir araya gelen Yurtsever, uygulamada kar\u015f\u0131la\u015f\u0131lan hususlar hakk\u0131nda de\u011ferlendirmelerde bulundu. Toplant\u0131da, i\u015f y\u00fck\u00fc, verimlilik ve \u00e7\u00f6z\u00fcm odakl\u0131 yakla\u015f\u0131mlar \u00f6n plana \u00e7\u0131kt\u0131.<\/p>\n<p><a href=\"https:\/\/www.son.tv\/wp-content\/uploads\/2026\/05\/WhatsApp-Image-2026-05-01-at-12.16.02-2.jpeg\"><img decoding=\"async\" class=\"alignnone size-large wp-image-171884\" src=\"https:\/\/www.son.tv\/wp-content\/uploads\/2026\/05\/WhatsApp-Image-2026-05-01-at-12.16.02-2-1024x622.jpeg\" alt=\"\" width=\"1024\" height=\"622\" \/><\/a><\/p>\n<p>MEMNUN\u0130YET VURGUSU<\/p>\n<p>Mersin yarg\u0131 te\u015fkilat\u0131n\u0131n \u00f6zverili \u00e7al\u0131\u015fmalar\u0131ndan duydu\u011fu memnuniyeti dile getiren Yurtsever, t\u00fcm personele g\u00f6revlerinde ba\u015far\u0131lar diledi. Ziyaret, hat\u0131ra foto\u011fraf\u0131 \u00e7ekimiyle sona erdi.<\/p>\n<p><a href=\"https:\/\/www.son.tv\/wp-content\/uploads\/2026\/05\/WhatsApp-Image-2026-05-01-at-12.16.03-3.jpeg\"><img loading=\"lazy\" decoding=\"async\" loading=\"lazy\" class=\"alignnone size-large wp-image-171885\" src=\"https:\/\/www.son.tv\/wp-content\/uploads\/2026\/05\/WhatsApp-Image-2026-05-01-at-12.16.03-3-1024x683.jpeg\" alt=\"\" width=\"1024\" height=\"683\" \/><\/a> <a href=\"https:\/\/www.son.tv\/wp-content\/uploads\/2026\/05\/WhatsApp-Image-2026-05-01-at-12.16.03-2-1.jpeg\"><img loading=\"lazy\" decoding=\"async\" loading=\"lazy\" class=\"alignnone size-large wp-image-171886\" src=\"https:\/\/www.son.tv\/wp-content\/uploads\/2026\/05\/WhatsApp-Image-2026-05-01-at-12.16.03-2-1-1024x751.jpeg\" alt=\"\" width=\"1024\" height=\"751\" \/><\/a> <a href=\"https:\/\/www.son.tv\/wp-content\/uploads\/2026\/05\/WhatsApp-Image-2026-05-01-at-12.16.03-1.jpeg\"><img loading=\"lazy\" decoding=\"async\" loading=\"lazy\" class=\"alignnone size-large wp-image-171887\" src=\"https:\/\/www.son.tv\/wp-content\/uploads\/2026\/05\/WhatsApp-Image-2026-05-01-at-12.16.03-1-1024x682.jpeg\" alt=\"\" width=\"1024\" height=\"682\" \/><\/a> <a href=\"https:\/\/www.son.tv\/wp-content\/uploads\/2026\/05\/WhatsApp-Image-2026-05-01-at-12.16.03.jpeg\"><img loading=\"lazy\" decoding=\"async\" loading=\"lazy\" class=\"alignnone size-large wp-image-171888\" src=\"https:\/\/www.son.tv\/wp-content\/uploads\/2026\/05\/WhatsApp-Image-2026-05-01-at-12.16.03-1024x682.jpeg\" alt=\"\" width=\"1024\" height=\"682\" \/><\/a> <a href=\"https:\/\/www.son.tv\/wp-content\/uploads\/2026\/05\/WhatsApp-Image-2026-05-01-at-12.16.02-5.jpeg\"><img loading=\"lazy\" decoding=\"async\" loading=\"lazy\" class=\"alignnone size-large wp-image-171889\" src=\"https:\/\/www.son.tv\/wp-content\/uploads\/2026\/05\/WhatsApp-Image-2026-05-01-at-12.16.02-5-1024x682.jpeg\" alt=\"\" width=\"1024\" height=\"682\" \/><\/a> <a href=\"https:\/\/www.son.tv\/wp-content\/uploads\/2026\/05\/WhatsApp-Image-2026-05-01-at-12.16.02-4.jpeg\"><img loading=\"lazy\" decoding=\"async\" loading=\"lazy\" class=\"alignnone size-large wp-image-171890\" src=\"https:\/\/www.son.tv\/wp-content\/uploads\/2026\/05\/WhatsApp-Image-2026-05-01-at-12.16.02-4-1024x682.jpeg\" alt=\"\" width=\"1024\" height=\"682\" \/><\/a> <a href=\"https:\/\/www.son.tv\/wp-content\/uploads\/2026\/05\/WhatsApp-Image-2026-05-01-at-12.16.02-3.jpeg\"><img loading=\"lazy\" decoding=\"async\" loading=\"lazy\" class=\"alignnone size-large wp-image-171891\" src=\"https:\/\/www.son.tv\/wp-content\/uploads\/2026\/05\/WhatsApp-Image-2026-05-01-at-12.16.02-3-1024x682.jpeg\" alt=\"\" width=\"1024\" height=\"682\" \/><\/a><\/p>\n<p>Hakimler ve Savc\u0131lar Kurulu 1. Daire \u00dcyesi Havvanur Yurtsever, Mersin Adliyesi\u2019ne ger\u00e7ekle\u015ftirdi\u011fi ziyaret kapsam\u0131nda yarg\u0131 hizmetlerinin i\u015fleyi\u015fini yerinde inceledi. Yurtsever, Mersin Cumhuriyet Ba\u015fsavc\u0131s\u0131 Ahmet \u00c7elikkol, Adalet Komisyonu Ba\u015fkan\u0131 Serdar Ceylan ve Mersin \u0130dare Mahkemesi Ba\u015fkan\u0131 Mahmut Ta\u015f\u00e7\u0131 taraf\u0131ndan kar\u015f\u0131land\u0131. KURUMSAL \u0130\u015eLEY\u0130\u015e DE\u011eERLEND\u0130R\u0130LD\u0130 Adliye birimlerinde incelemelerde bulunan Yurtsever, y\u00fcr\u00fct\u00fclen \u00e7al\u0131\u015fmalara ili\u015fkin yetkililerden bilgi ald\u0131. Ziyaret kapsam\u0131nda,\u00a0<a href=\"https:\/\/www.son.tv\/hsk-uyesi-yurtseverden-mersin-adliyesine-ziyaret\/\" target=\"_blank\" class=\"feedzy-rss-link-icon\">Read More<\/a><\/p>","protected":false},"excerpt":{"rendered":"<p>Hakimler ve Savc\u0131lar Kurulu 1. Daire \u00dcyesi Havvanur Yurtsever, Mersin Adliyesi\u2019ne ger\u00e7ekle\u015ftirdi\u011fi ziyaret kapsam\u0131nda yarg\u0131 hizmetlerinin i\u015fleyi\u015fini yerinde inceledi. Yurtsever, Mersin Cumhuriyet Ba\u015fsavc\u0131s\u0131 Ahmet \u00c7elikkol, Adalet Komisyonu Ba\u015fkan\u0131 Serdar Ceylan ve Mersin \u0130dare Mahkemesi Ba\u015fkan\u0131 Mahmut Ta\u015f\u00e7\u0131 taraf\u0131ndan kar\u015f\u0131land\u0131. KURUMSAL \u0130\u015eLEY\u0130\u015e DE\u011eERLEND\u0130R\u0130LD\u0130 Adliye birimlerinde incelemelerde bulunan Yurtsever, y\u00fcr\u00fct\u00fclen \u00e7al\u0131\u015fmalara ili\u015fkin yetkililerden bilgi ald\u0131. Ziyaret kapsam\u0131nda, [&hellip;]<\/p>\n","protected":false},"author":1,"featured_media":28115,"comment_status":"open","ping_status":"open","sticky":false,"template":"","format":"standard","meta":{"footnotes":"","_links_to":"","_links_to_target":""},"categories":[1],"tags":[],"class_list":["post-28114","post","type-post","status-publish","format-standard","has-post-thumbnail","hentry","category-haberler"],"_links":{"self":[{"href":"https:\/\/www.abchukuk.com\/index.php\/wp-json\/wp\/v2\/posts\/28114","targetHints":{"allow":["GET"]}}],"collection":[{"href":"https:\/\/www.abchukuk.com\/index.php\/wp-json\/wp\/v2\/posts"}],"about":[{"href":"https:\/\/www.abchukuk.com\/index.php\/wp-json\/wp\/v2\/types\/post"}],"author":[{"embeddable":true,"href":"https:\/\/www.abchukuk.com\/index.php\/wp-json\/wp\/v2\/users\/1"}],"replies":[{"embeddable":true,"href":"https:\/\/www.abchukuk.com\/index.php\/wp-json\/wp\/v2\/comments?post=28114"}],"version-history":[{"count":0,"href":"https:\/\/www.abchukuk.com\/index.php\/wp-json\/wp\/v2\/posts\/28114\/revisions"}],"wp:featuredmedia":[{"embeddable":true,"href":"https:\/\/www.abchukuk.com\/index.php\/wp-json\/wp\/v2\/media\/28115"}],"wp:attachment":[{"href":"https:\/\/www.abchukuk.com\/index.php\/wp-json\/wp\/v2\/media?parent=28114"}],"wp:term":[{"taxonomy":"category","embeddable":true,"href":"https:\/\/www.abchukuk.com\/index.php\/wp-json\/wp\/v2\/categories?post=28114"},{"taxonomy":"post_tag","embeddable":true,"href":"https:\/\/www.abchukuk.com\/index.php\/wp-json\/wp\/v2\/tags?post=28114"}],"curies":[{"name":"wp","href":"https:\/\/api.w.org\/{rel}","templated":true}]}}