{"id":28112,"date":"2026-05-01T09:46:13","date_gmt":"2026-05-01T09:46:13","guid":{"rendered":"https:\/\/www.abchukuk.com\/index.php\/2026\/05\/01\/iran-yargi-erki-baskani-ejei-savasi-hos-karsilamiyoruz-ama-savastan-da-korkmuyoruz\/"},"modified":"2026-05-01T09:46:13","modified_gmt":"2026-05-01T09:46:13","slug":"iran-yargi-erki-baskani-ejei-savasi-hos-karsilamiyoruz-ama-savastan-da-korkmuyoruz","status":"publish","type":"post","link":"https:\/\/www.abchukuk.com\/index.php\/2026\/05\/01\/iran-yargi-erki-baskani-ejei-savasi-hos-karsilamiyoruz-ama-savastan-da-korkmuyoruz\/","title":{"rendered":"\u0130ran Yarg\u0131 Erki Ba\u015fkan\u0131 Ejei: Sava\u015f\u0131 ho\u015f kar\u015f\u0131lam\u0131yoruz ama sava\u015ftan da korkmuyoruz"},"content":{"rendered":"<p>\u0130ran Yarg\u0131 Erki Ba\u015fkan\u0131 Gulamh\u00fcseyin Muhsin Ejei, ABD ve \u0130srail\u2019in olas\u0131 sald\u0131r\u0131lar\u0131na kar\u015f\u0131 haz\u0131rl\u0131kl\u0131 olunmas\u0131 gerekti\u011fini belirterek, \u201cSava\u015f\u0131 ho\u015f kar\u015f\u0131lam\u0131yoruz ancak sava\u015fmaktan da \u00e7ekinmeyiz\u201d dedi.\u0130ran Yarg\u0131 Erki Ba\u015fkan\u0131 Gulamh\u00fcseyin Muhsin Ejei, ABD ve \u0130srail\u2019in olas\u0131 sald\u0131r\u0131lar\u0131na kar\u015f\u0131 haz\u0131rl\u0131kl\u0131 olunmas\u0131 gerekti\u011fini belirterek, \u201cSava\u015f\u0131 ho\u015f kar\u015f\u0131lam\u0131yoruz ancak sava\u015fmaktan da \u00e7ekinmeyiz\u201d dedi.\u00a0<a href=\"https:\/\/anlatilaninotesi.com.tr\/20260501\/iran-yargi-erki-baskani-ejei-savasi-hos-karsilamiyoruz-ama-savastan-da-korkmuyoruz-1105422683.html\" target=\"_blank\" class=\"feedzy-rss-link-icon\">Read More<\/a><\/p>","protected":false},"excerpt":{"rendered":"<p>\u0130ran Yarg\u0131 Erki Ba\u015fkan\u0131 Gulamh\u00fcseyin Muhsin Ejei, ABD ve \u0130srail\u2019in olas\u0131 sald\u0131r\u0131lar\u0131na kar\u015f\u0131 haz\u0131rl\u0131kl\u0131 olunmas\u0131 gerekti\u011fini belirterek, \u201cSava\u015f\u0131 ho\u015f kar\u015f\u0131lam\u0131yoruz ancak sava\u015fmaktan da \u00e7ekinmeyiz\u201d dedi.\u0130ran Yarg\u0131 Erki Ba\u015fkan\u0131 Gulamh\u00fcseyin Muhsin Ejei, ABD ve \u0130srail\u2019in olas\u0131 sald\u0131r\u0131lar\u0131na kar\u015f\u0131 haz\u0131rl\u0131kl\u0131 olunmas\u0131 gerekti\u011fini belirterek, \u201cSava\u015f\u0131 ho\u015f kar\u015f\u0131lam\u0131yoruz ancak sava\u015fmaktan da \u00e7ekinmeyiz\u201d dedi.\u00a0Read More<\/p>\n","protected":false},"author":1,"featured_media":0,"comment_status":"open","ping_status":"open","sticky":false,"template":"","format":"standard","meta":{"footnotes":"","_links_to":"","_links_to_target":""},"categories":[1],"tags":[],"class_list":["post-28112","post","type-post","status-publish","format-standard","hentry","category-haberler"],"_links":{"self":[{"href":"https:\/\/www.abchukuk.com\/index.php\/wp-json\/wp\/v2\/posts\/28112","targetHints":{"allow":["GET"]}}],"collection":[{"href":"https:\/\/www.abchukuk.com\/index.php\/wp-json\/wp\/v2\/posts"}],"about":[{"href":"https:\/\/www.abchukuk.com\/index.php\/wp-json\/wp\/v2\/types\/post"}],"author":[{"embeddable":true,"href":"https:\/\/www.abchukuk.com\/index.php\/wp-json\/wp\/v2\/users\/1"}],"replies":[{"embeddable":true,"href":"https:\/\/www.abchukuk.com\/index.php\/wp-json\/wp\/v2\/comments?post=28112"}],"version-history":[{"count":0,"href":"https:\/\/www.abchukuk.com\/index.php\/wp-json\/wp\/v2\/posts\/28112\/revisions"}],"wp:attachment":[{"href":"https:\/\/www.abchukuk.com\/index.php\/wp-json\/wp\/v2\/media?parent=28112"}],"wp:term":[{"taxonomy":"category","embeddable":true,"href":"https:\/\/www.abchukuk.com\/index.php\/wp-json\/wp\/v2\/categories?post=28112"},{"taxonomy":"post_tag","embeddable":true,"href":"https:\/\/www.abchukuk.com\/index.php\/wp-json\/wp\/v2\/tags?post=28112"}],"curies":[{"name":"wp","href":"https:\/\/api.w.org\/{rel}","templated":true}]}}