{"id":28111,"date":"2026-04-30T22:32:59","date_gmt":"2026-04-30T22:32:59","guid":{"rendered":"https:\/\/www.abchukuk.com\/index.php\/2026\/04\/30\/resmi-gazete-yayimlandi-90\/"},"modified":"2026-04-30T22:32:59","modified_gmt":"2026-04-30T22:32:59","slug":"resmi-gazete-yayimlandi-90","status":"publish","type":"post","link":"https:\/\/www.abchukuk.com\/index.php\/2026\/04\/30\/resmi-gazete-yayimlandi-90\/","title":{"rendered":"Resmi Gazete yay\u0131mland\u0131"},"content":{"rendered":"<p>Resmi Gazete kararlar\u0131, her g\u00fcn oldu\u011fu gibi bug\u00fcn de Cumhurba\u015fkan\u0131 Recep Tayyip Erdo\u011fan&#8217;\u0131n imzas\u0131yla 1 May\u0131s Cuma g\u00fcn\u00fc yay\u0131mland\u0131. Toplumun bir\u00e7ok kesimini ilgilendiren d\u00fczenleme ve kararlar, genellikle gece yar\u0131s\u0131ndan itibaren eri\u015fime a\u00e7\u0131l\u0131yor. G\u00fcndeme ili\u015fkin \u00f6nemli geli\u015fmelerin yer ald\u0131\u011f\u0131 Resmi Gazete&#8217;de yay\u0131mlanan kararlar, kamuoyuna bu kanal \u00fczerinden duyurulmaya devam ediyor. Peki, 1 May\u0131s 2026 Cuma tarihli Resmi Gazete&#8217;de hangi kararlar yer ald\u0131? \u0130\u015fte g\u00fcn\u00fcn \u00f6ne \u00e7\u0131kan d\u00fczenlemeleri\u2026Resmi Gazete kararlar\u0131, her g\u00fcn oldu\u011fu gibi bug\u00fcn de Cumhurba\u015fkan\u0131 Recep Tayyip Erdo\u011fan&#8217;\u0131n imzas\u0131yla 1 May\u0131s Cuma g\u00fcn\u00fc yay\u0131mland\u0131. Toplumun bir\u00e7ok kesimini ilgilendiren d\u00fczenleme ve kararlar, genellikle gece yar\u0131s\u0131ndan itibaren eri\u015fime a\u00e7\u0131l\u0131yor. G\u00fcndeme ili\u015fkin \u00f6nemli geli\u015fmelerin yer ald\u0131\u011f\u0131 Resmi Gazete&#8217;de yay\u0131mlanan kararlar, kamuoyuna bu kanal \u00fczerinden duyurulmaya devam ediyor. Peki, 1 May\u0131s 2026 Cuma tarihli Resmi Gazete&#8217;de hangi kararlar yer ald\u0131? \u0130\u015fte g\u00fcn\u00fcn \u00f6ne \u00e7\u0131kan d\u00fczenlemeleri\u2026\u00a0<a href=\"https:\/\/www.haberturk.com\/dogum-izni-karari-resmi-gazetede-yayinlandi-resmi-gazete-kararlari-1-mayis-2026-bugunku-resmi-gazete-yayimlandi-mi-1-mayis-ta-alinan-resmi-gazete-kararlari-neler-3881472\" target=\"_blank\" class=\"feedzy-rss-link-icon\">Read More<\/a><\/p>","protected":false},"excerpt":{"rendered":"<p>Resmi Gazete kararlar\u0131, her g\u00fcn oldu\u011fu gibi bug\u00fcn de Cumhurba\u015fkan\u0131 Recep Tayyip Erdo\u011fan&#8217;\u0131n imzas\u0131yla 1 May\u0131s Cuma g\u00fcn\u00fc yay\u0131mland\u0131. Toplumun bir\u00e7ok kesimini ilgilendiren d\u00fczenleme ve kararlar, genellikle gece yar\u0131s\u0131ndan itibaren eri\u015fime a\u00e7\u0131l\u0131yor. G\u00fcndeme ili\u015fkin \u00f6nemli geli\u015fmelerin yer ald\u0131\u011f\u0131 Resmi Gazete&#8217;de yay\u0131mlanan kararlar, kamuoyuna bu kanal \u00fczerinden duyurulmaya devam ediyor. Peki, 1 May\u0131s 2026 Cuma tarihli [&hellip;]<\/p>\n","protected":false},"author":1,"featured_media":0,"comment_status":"open","ping_status":"open","sticky":false,"template":"","format":"standard","meta":{"footnotes":"","_links_to":"","_links_to_target":""},"categories":[1],"tags":[],"class_list":["post-28111","post","type-post","status-publish","format-standard","hentry","category-haberler"],"_links":{"self":[{"href":"https:\/\/www.abchukuk.com\/index.php\/wp-json\/wp\/v2\/posts\/28111","targetHints":{"allow":["GET"]}}],"collection":[{"href":"https:\/\/www.abchukuk.com\/index.php\/wp-json\/wp\/v2\/posts"}],"about":[{"href":"https:\/\/www.abchukuk.com\/index.php\/wp-json\/wp\/v2\/types\/post"}],"author":[{"embeddable":true,"href":"https:\/\/www.abchukuk.com\/index.php\/wp-json\/wp\/v2\/users\/1"}],"replies":[{"embeddable":true,"href":"https:\/\/www.abchukuk.com\/index.php\/wp-json\/wp\/v2\/comments?post=28111"}],"version-history":[{"count":0,"href":"https:\/\/www.abchukuk.com\/index.php\/wp-json\/wp\/v2\/posts\/28111\/revisions"}],"wp:attachment":[{"href":"https:\/\/www.abchukuk.com\/index.php\/wp-json\/wp\/v2\/media?parent=28111"}],"wp:term":[{"taxonomy":"category","embeddable":true,"href":"https:\/\/www.abchukuk.com\/index.php\/wp-json\/wp\/v2\/categories?post=28111"},{"taxonomy":"post_tag","embeddable":true,"href":"https:\/\/www.abchukuk.com\/index.php\/wp-json\/wp\/v2\/tags?post=28111"}],"curies":[{"name":"wp","href":"https:\/\/api.w.org\/{rel}","templated":true}]}}