{"id":28109,"date":"2026-04-30T22:57:35","date_gmt":"2026-04-30T22:57:35","guid":{"rendered":"https:\/\/www.abchukuk.com\/index.php\/2026\/04\/30\/bakan-goktastan-sosyal-hizmetler-kanununa-dair-aciklama\/"},"modified":"2026-04-30T22:57:35","modified_gmt":"2026-04-30T22:57:35","slug":"bakan-goktastan-sosyal-hizmetler-kanununa-dair-aciklama","status":"publish","type":"post","link":"https:\/\/www.abchukuk.com\/index.php\/2026\/04\/30\/bakan-goktastan-sosyal-hizmetler-kanununa-dair-aciklama\/","title":{"rendered":"Bakan G\u00f6kta\u015f&#8217;tan &#8220;Sosyal Hizmetler Kanunu&#8221;na dair a\u00e7\u0131klama"},"content":{"rendered":"<p>Aile ve Sosyal Hizmetler Bakan\u0131 Mahinur \u00d6zdemir G\u00f6kta\u015f, Resmi Gazete&#8217;de yay\u0131mlanarak y\u00fcr\u00fcrl\u00fc\u011fe giren Sosyal Hizmetler Kanunu&#8217;na ili\u015fkin, &#8220;Ailelerimizi g\u00fc\u00e7lendiren, annelerimizi destekleyen, \u00e7ocuklar\u0131m\u0131z\u0131n g\u00fcvenli\u011fini \u00f6nceleyen, ya\u015fl\u0131lar\u0131m\u0131z\u0131n ya\u015fam kalitesini art\u0131ran sosyal hizmetlerimizi kararl\u0131l\u0131kla hayata ge\u00e7irmeye devam edece\u011fiz&#8221; a\u00e7\u0131klamas\u0131nda bulundu. \u00c7al\u0131\u015fma ve Sosyal G\u00fcvenlik Bakan\u0131 Vedat I\u015f\u0131khan ise &#8220;Gelece\u011fimizin teminat\u0131 aile yap\u0131s\u0131n\u0131 korumaya, i\u015f-aile ikileminin \u00f6n\u00fcne ge\u00e7meye y\u00f6nelik kolayla\u015ft\u0131r\u0131c\u0131 bir tedbiri daha hayata ge\u00e7irdik&#8221; ifadesini kulland\u0131Aile ve Sosyal Hizmetler Bakan\u0131 Mahinur \u00d6zdemir G\u00f6kta\u015f, Resmi Gazete&#8217;de yay\u0131mlanarak y\u00fcr\u00fcrl\u00fc\u011fe giren Sosyal Hizmetler Kanunu&#8217;na ili\u015fkin, &#8220;Ailelerimizi g\u00fc\u00e7lendiren, annelerimizi destekleyen, \u00e7ocuklar\u0131m\u0131z\u0131n g\u00fcvenli\u011fini \u00f6nceleyen, ya\u015fl\u0131lar\u0131m\u0131z\u0131n ya\u015fam kalitesini art\u0131ran sosyal hizmetlerimizi kararl\u0131l\u0131kla hayata ge\u00e7irmeye devam edece\u011fiz&#8221; a\u00e7\u0131klamas\u0131nda bulundu. \u00c7al\u0131\u015fma ve Sosyal G\u00fcvenlik Bakan\u0131 Vedat I\u015f\u0131khan ise &#8220;Gelece\u011fimizin teminat\u0131 aile yap\u0131s\u0131n\u0131 korumaya, i\u015f-aile ikileminin \u00f6n\u00fcne ge\u00e7meye y\u00f6nelik kolayla\u015ft\u0131r\u0131c\u0131 bir tedbiri daha hayata ge\u00e7irdik&#8221; ifadesini kulland\u0131\u00a0<a href=\"https:\/\/www.haberturk.com\/bakan-goktas-tan-sosyal-hizmetler-kanununa-dair-aciklama-3881470\" target=\"_blank\" class=\"feedzy-rss-link-icon\">Read More<\/a><\/p>","protected":false},"excerpt":{"rendered":"<p>Aile ve Sosyal Hizmetler Bakan\u0131 Mahinur \u00d6zdemir G\u00f6kta\u015f, Resmi Gazete&#8217;de yay\u0131mlanarak y\u00fcr\u00fcrl\u00fc\u011fe giren Sosyal Hizmetler Kanunu&#8217;na ili\u015fkin, &#8220;Ailelerimizi g\u00fc\u00e7lendiren, annelerimizi destekleyen, \u00e7ocuklar\u0131m\u0131z\u0131n g\u00fcvenli\u011fini \u00f6nceleyen, ya\u015fl\u0131lar\u0131m\u0131z\u0131n ya\u015fam kalitesini art\u0131ran sosyal hizmetlerimizi kararl\u0131l\u0131kla hayata ge\u00e7irmeye devam edece\u011fiz&#8221; a\u00e7\u0131klamas\u0131nda bulundu. \u00c7al\u0131\u015fma ve Sosyal G\u00fcvenlik Bakan\u0131 Vedat I\u015f\u0131khan ise &#8220;Gelece\u011fimizin teminat\u0131 aile yap\u0131s\u0131n\u0131 korumaya, i\u015f-aile ikileminin \u00f6n\u00fcne ge\u00e7meye y\u00f6nelik [&hellip;]<\/p>\n","protected":false},"author":1,"featured_media":0,"comment_status":"open","ping_status":"open","sticky":false,"template":"","format":"standard","meta":{"footnotes":"","_links_to":"","_links_to_target":""},"categories":[1],"tags":[],"class_list":["post-28109","post","type-post","status-publish","format-standard","hentry","category-haberler"],"_links":{"self":[{"href":"https:\/\/www.abchukuk.com\/index.php\/wp-json\/wp\/v2\/posts\/28109","targetHints":{"allow":["GET"]}}],"collection":[{"href":"https:\/\/www.abchukuk.com\/index.php\/wp-json\/wp\/v2\/posts"}],"about":[{"href":"https:\/\/www.abchukuk.com\/index.php\/wp-json\/wp\/v2\/types\/post"}],"author":[{"embeddable":true,"href":"https:\/\/www.abchukuk.com\/index.php\/wp-json\/wp\/v2\/users\/1"}],"replies":[{"embeddable":true,"href":"https:\/\/www.abchukuk.com\/index.php\/wp-json\/wp\/v2\/comments?post=28109"}],"version-history":[{"count":0,"href":"https:\/\/www.abchukuk.com\/index.php\/wp-json\/wp\/v2\/posts\/28109\/revisions"}],"wp:attachment":[{"href":"https:\/\/www.abchukuk.com\/index.php\/wp-json\/wp\/v2\/media?parent=28109"}],"wp:term":[{"taxonomy":"category","embeddable":true,"href":"https:\/\/www.abchukuk.com\/index.php\/wp-json\/wp\/v2\/categories?post=28109"},{"taxonomy":"post_tag","embeddable":true,"href":"https:\/\/www.abchukuk.com\/index.php\/wp-json\/wp\/v2\/tags?post=28109"}],"curies":[{"name":"wp","href":"https:\/\/api.w.org\/{rel}","templated":true}]}}