{"id":28108,"date":"2026-05-01T05:58:16","date_gmt":"2026-05-01T05:58:16","guid":{"rendered":"https:\/\/www.abchukuk.com\/index.php\/2026\/05\/01\/adalet-bakanligi-personel-alimi-tarihi-belli-oldu-mu-2\/"},"modified":"2026-05-01T05:58:16","modified_gmt":"2026-05-01T05:58:16","slug":"adalet-bakanligi-personel-alimi-tarihi-belli-oldu-mu-2","status":"publish","type":"post","link":"https:\/\/www.abchukuk.com\/index.php\/2026\/05\/01\/adalet-bakanligi-personel-alimi-tarihi-belli-oldu-mu-2\/","title":{"rendered":"Adalet Bakanl\u0131\u011f\u0131 personel al\u0131m\u0131 tarihi belli oldu mu?"},"content":{"rendered":"<p>Adalet Bakanl\u0131\u011f\u0131 taraf\u0131ndan 2026 y\u0131l\u0131 i\u00e7inde ger\u00e7ekle\u015ftirilmesi planlanan 15 bin personel al\u0131m\u0131na dair detaylar merak ediliyor. Adaylar, s\u00fcrece ili\u015fkin resmi duyurular\u0131 yak\u0131ndan izlerken adliyeler ve ceza infaz kurumlar\u0131nda g\u00f6rev alacak kadrolar\u0131, ba\u015fvuru \u015fartlar\u0131 ve takvimin yay\u0131mlanacak ilanla birlikte kesinle\u015fmesi bekleniyor. Peki, Adalet Bakanl\u0131\u011f\u0131 15 bin personel al\u0131m\u0131 ba\u015fvuru tarihi belli oldu mu, ba\u015fvuru \u015fartlar\u0131 neler, kadro ve bran\u015f da\u011f\u0131l\u0131m\u0131 nas\u0131l? \u0130\u015fte t\u00fcm detaylar&#8230;Adalet Bakanl\u0131\u011f\u0131 taraf\u0131ndan 2026 y\u0131l\u0131 i\u00e7inde ger\u00e7ekle\u015ftirilmesi planlanan 15 bin personel al\u0131m\u0131na dair detaylar merak ediliyor. Adaylar, s\u00fcrece ili\u015fkin resmi duyurular\u0131 yak\u0131ndan izlerken adliyeler ve ceza infaz kurumlar\u0131nda g\u00f6rev alacak kadrolar\u0131, ba\u015fvuru \u015fartlar\u0131 ve takvimin yay\u0131mlanacak ilanla birlikte kesinle\u015fmesi bekleniyor. Peki, Adalet Bakanl\u0131\u011f\u0131 15 bin personel al\u0131m\u0131 ba\u015fvuru tarihi belli oldu mu, ba\u015fvuru \u015fartlar\u0131 neler, kadro ve bran\u015f da\u011f\u0131l\u0131m\u0131 nas\u0131l? \u0130\u015fte t\u00fcm detaylar&#8230;\u00a0<a href=\"https:\/\/www.haberturk.com\/adalet-bakanligi-personel-alimi-adalet-bakanligi-15-bin-personel-alimi-basvurular-ne-zaman-baslayacak-basvuru-sartlari-belli-oldu-mu-3881288\" target=\"_blank\" class=\"feedzy-rss-link-icon\">Read More<\/a><\/p>","protected":false},"excerpt":{"rendered":"<p>Adalet Bakanl\u0131\u011f\u0131 taraf\u0131ndan 2026 y\u0131l\u0131 i\u00e7inde ger\u00e7ekle\u015ftirilmesi planlanan 15 bin personel al\u0131m\u0131na dair detaylar merak ediliyor. Adaylar, s\u00fcrece ili\u015fkin resmi duyurular\u0131 yak\u0131ndan izlerken adliyeler ve ceza infaz kurumlar\u0131nda g\u00f6rev alacak kadrolar\u0131, ba\u015fvuru \u015fartlar\u0131 ve takvimin yay\u0131mlanacak ilanla birlikte kesinle\u015fmesi bekleniyor. Peki, Adalet Bakanl\u0131\u011f\u0131 15 bin personel al\u0131m\u0131 ba\u015fvuru tarihi belli oldu mu, ba\u015fvuru \u015fartlar\u0131 neler, [&hellip;]<\/p>\n","protected":false},"author":1,"featured_media":0,"comment_status":"open","ping_status":"open","sticky":false,"template":"","format":"standard","meta":{"footnotes":"","_links_to":"","_links_to_target":""},"categories":[1],"tags":[],"class_list":["post-28108","post","type-post","status-publish","format-standard","hentry","category-haberler"],"_links":{"self":[{"href":"https:\/\/www.abchukuk.com\/index.php\/wp-json\/wp\/v2\/posts\/28108","targetHints":{"allow":["GET"]}}],"collection":[{"href":"https:\/\/www.abchukuk.com\/index.php\/wp-json\/wp\/v2\/posts"}],"about":[{"href":"https:\/\/www.abchukuk.com\/index.php\/wp-json\/wp\/v2\/types\/post"}],"author":[{"embeddable":true,"href":"https:\/\/www.abchukuk.com\/index.php\/wp-json\/wp\/v2\/users\/1"}],"replies":[{"embeddable":true,"href":"https:\/\/www.abchukuk.com\/index.php\/wp-json\/wp\/v2\/comments?post=28108"}],"version-history":[{"count":0,"href":"https:\/\/www.abchukuk.com\/index.php\/wp-json\/wp\/v2\/posts\/28108\/revisions"}],"wp:attachment":[{"href":"https:\/\/www.abchukuk.com\/index.php\/wp-json\/wp\/v2\/media?parent=28108"}],"wp:term":[{"taxonomy":"category","embeddable":true,"href":"https:\/\/www.abchukuk.com\/index.php\/wp-json\/wp\/v2\/categories?post=28108"},{"taxonomy":"post_tag","embeddable":true,"href":"https:\/\/www.abchukuk.com\/index.php\/wp-json\/wp\/v2\/tags?post=28108"}],"curies":[{"name":"wp","href":"https:\/\/api.w.org\/{rel}","templated":true}]}}