{"id":28103,"date":"2026-05-01T06:58:44","date_gmt":"2026-05-01T06:58:44","guid":{"rendered":"https:\/\/www.abchukuk.com\/index.php\/2026\/05\/01\/istanbulda-1-mayis-taksim-kapatildi-besiktas-ve-mecidiyekoyde-gozaltilar-var\/"},"modified":"2026-05-01T06:58:44","modified_gmt":"2026-05-01T06:58:44","slug":"istanbulda-1-mayis-taksim-kapatildi-besiktas-ve-mecidiyekoyde-gozaltilar-var","status":"publish","type":"post","link":"https:\/\/www.abchukuk.com\/index.php\/2026\/05\/01\/istanbulda-1-mayis-taksim-kapatildi-besiktas-ve-mecidiyekoyde-gozaltilar-var\/","title":{"rendered":"\u0130stanbul&#8217;da 1 May\u0131s: Taksim kapat\u0131ld\u0131, Be\u015fikta\u015f ve Mecidiyek\u00f6y&#8217;de g\u00f6zalt\u0131lar var"},"content":{"rendered":"<p>Bug\u00fcn 1 May\u0131s \u0130\u015f\u00e7i Bayram\u0131. Bayram, T\u00fcrkiye&#8217;nin d\u00f6rt bir yan\u0131nda kutlanacak. \u0130stanbul&#8217;da geni\u015f g\u00fcvenlik \u00f6nlemleri al\u0131nd\u0131. Bir\u00e7ok yol trafi\u011fe kapat\u0131l\u0131rken Be\u015fikta\u015f ve Mecidiyek\u00f6y&#8217;den Taksim&#8217;e y\u00fcr\u00fcmek isteyenlere polis m\u00fcdahale etti. G\u00f6zalt\u0131na al\u0131nanlar oldu\u011fu bildirildi.Bug\u00fcn 1 May\u0131s \u0130\u015f\u00e7i Bayram\u0131. Bayram, T\u00fcrkiye&#8217;nin d\u00f6rt bir yan\u0131nda kutlanacak. \u0130stanbul&#8217;da geni\u015f g\u00fcvenlik \u00f6nlemleri al\u0131nd\u0131. Bir\u00e7ok yol trafi\u011fe kapat\u0131l\u0131rken Be\u015fikta\u015f ve Mecidiyek\u00f6y&#8217;den Taksim&#8217;e y\u00fcr\u00fcmek isteyenlere polis m\u00fcdahale etti. G\u00f6zalt\u0131na al\u0131nanlar oldu\u011fu bildirildi.\u00a0<a href=\"https:\/\/anlatilaninotesi.com.tr\/20260501\/istanbulda-1-mayis-taksim-kapatildi-bircok-noktada-guvenlik-onlemleri-alindi-1105415644.html\" target=\"_blank\" class=\"feedzy-rss-link-icon\">Read More<\/a><\/p>","protected":false},"excerpt":{"rendered":"<p>Bug\u00fcn 1 May\u0131s \u0130\u015f\u00e7i Bayram\u0131. Bayram, T\u00fcrkiye&#8217;nin d\u00f6rt bir yan\u0131nda kutlanacak. \u0130stanbul&#8217;da geni\u015f g\u00fcvenlik \u00f6nlemleri al\u0131nd\u0131. Bir\u00e7ok yol trafi\u011fe kapat\u0131l\u0131rken Be\u015fikta\u015f ve Mecidiyek\u00f6y&#8217;den Taksim&#8217;e y\u00fcr\u00fcmek isteyenlere polis m\u00fcdahale etti. G\u00f6zalt\u0131na al\u0131nanlar oldu\u011fu bildirildi.Bug\u00fcn 1 May\u0131s \u0130\u015f\u00e7i Bayram\u0131. Bayram, T\u00fcrkiye&#8217;nin d\u00f6rt bir yan\u0131nda kutlanacak. \u0130stanbul&#8217;da geni\u015f g\u00fcvenlik \u00f6nlemleri al\u0131nd\u0131. Bir\u00e7ok yol trafi\u011fe kapat\u0131l\u0131rken Be\u015fikta\u015f ve Mecidiyek\u00f6y&#8217;den [&hellip;]<\/p>\n","protected":false},"author":1,"featured_media":0,"comment_status":"open","ping_status":"open","sticky":false,"template":"","format":"standard","meta":{"footnotes":"","_links_to":"","_links_to_target":""},"categories":[1],"tags":[],"class_list":["post-28103","post","type-post","status-publish","format-standard","hentry","category-haberler"],"_links":{"self":[{"href":"https:\/\/www.abchukuk.com\/index.php\/wp-json\/wp\/v2\/posts\/28103","targetHints":{"allow":["GET"]}}],"collection":[{"href":"https:\/\/www.abchukuk.com\/index.php\/wp-json\/wp\/v2\/posts"}],"about":[{"href":"https:\/\/www.abchukuk.com\/index.php\/wp-json\/wp\/v2\/types\/post"}],"author":[{"embeddable":true,"href":"https:\/\/www.abchukuk.com\/index.php\/wp-json\/wp\/v2\/users\/1"}],"replies":[{"embeddable":true,"href":"https:\/\/www.abchukuk.com\/index.php\/wp-json\/wp\/v2\/comments?post=28103"}],"version-history":[{"count":0,"href":"https:\/\/www.abchukuk.com\/index.php\/wp-json\/wp\/v2\/posts\/28103\/revisions"}],"wp:attachment":[{"href":"https:\/\/www.abchukuk.com\/index.php\/wp-json\/wp\/v2\/media?parent=28103"}],"wp:term":[{"taxonomy":"category","embeddable":true,"href":"https:\/\/www.abchukuk.com\/index.php\/wp-json\/wp\/v2\/categories?post=28103"},{"taxonomy":"post_tag","embeddable":true,"href":"https:\/\/www.abchukuk.com\/index.php\/wp-json\/wp\/v2\/tags?post=28103"}],"curies":[{"name":"wp","href":"https:\/\/api.w.org\/{rel}","templated":true}]}}