{"id":28099,"date":"2026-05-01T07:08:00","date_gmt":"2026-05-01T07:08:00","guid":{"rendered":"https:\/\/www.abchukuk.com\/index.php\/2026\/05\/01\/istanbulda-olayli-1-mayis-besiktas-mecidiyekoy-ve-15-temmuz-sehitler-koprusunde-gozaltilar-var\/"},"modified":"2026-05-01T07:08:00","modified_gmt":"2026-05-01T07:08:00","slug":"istanbulda-olayli-1-mayis-besiktas-mecidiyekoy-ve-15-temmuz-sehitler-koprusunde-gozaltilar-var","status":"publish","type":"post","link":"https:\/\/www.abchukuk.com\/index.php\/2026\/05\/01\/istanbulda-olayli-1-mayis-besiktas-mecidiyekoy-ve-15-temmuz-sehitler-koprusunde-gozaltilar-var\/","title":{"rendered":"\u0130stanbul&#8217;da Olayl\u0131 1 May\u0131s: Be\u015fikta\u015f, Mecidiyek\u00f6y ve 15 Temmuz \u015eehitler K\u00f6pr\u00fcs\u00fc&#8217;nde G\u00f6zalt\u0131lar Var"},"content":{"rendered":"<p><a href=\"https:\/\/www.gercekgundem.com\/guncel\/istanbulda-olayli-1-mayis-besiktas-mecidiyekoy-ve-15-temmuz-sehitler-koprusunde-gozaltilar-var-570706\"><br \/>\n                                                            <img decoding=\"async\" src=\"https:\/\/i.gercekgundem.com\/2\/150\/84\/storage\/files\/images\/2026\/05\/01\/istanbulda-olayli-1-mayis-besiktas-mecidiyekoy-ve-15-temmuz-sehitler-koprusunde-gozaltilar-var-wncw.jpg\" width=\"150\" height=\"84\" border=\"0\" align=\"right\" \/><br \/>\n                                                    <\/a><\/p>\n<h4>Be\u015fikta\u015f Barbaros Bulvar\u0131&#8217;ndan 1 May\u0131s Emek ve Dayan\u0131\u015fma G\u00fcn\u00fc nedeniyle Taksim&#8217;e y\u00fcr\u00fcmek isteyen bir grup Halk\u0131n Kurtulu\u015f Partisi \u00fcyesine polis m\u00fcdahale etti. Gruptaki baz\u0131 ki\u015filer g\u00f6zalt\u0131na al\u0131nd\u0131. Mecidiyek\u00f6y&#8217;de de toplanarak Taksim&#8217;e hareket etmek isteyenlere polis m\u00fcdahalesi ger\u00e7ekle\u015fti. 15  Temmuz \u015eehitler K\u00f6pr\u00fcs\u00fc&#8217;n\u00fc kapatmak isteyen grup polisler taraf\u0131ndan g\u00f6zalt\u0131na al\u0131nd\u0131. \u0130stanbul&#8217;da saat 11.20 itibariyle g\u00f6zalt\u0131 say\u0131s\u0131n\u0131n 120&#8217;ye \u00e7\u0131kt\u0131\u011f\u0131 \u00f6\u011frenildi.<\/h4>\n<p>Be\u015fikta\u015f Barbaros Bulvar\u0131&#8217;ndan 1 May\u0131s Emek ve Dayan\u0131\u015fma G\u00fcn\u00fc nedeniyle Taksim&#8217;e y\u00fcr\u00fcmek isteyen bir grup Halk\u0131n Kurtulu\u015f Partisi \u00fcyesine polis m\u00fcdahale etti. Gruptaki baz\u0131 ki\u015filer g\u00f6zalt\u0131na al\u0131nd\u0131. Mecidiyek\u00f6y&#8217;de de toplanarak Taksim&#8217;e hareket etmek isteyenlere polis m\u00fcdahalesi ger\u00e7ekle\u015fti. 15  Temmuz \u015eehitler K\u00f6pr\u00fcs\u00fc&#8217;n\u00fc kapatmak isteyen grup polisler taraf\u0131ndan g\u00f6zalt\u0131na al\u0131nd\u0131. \u0130stanbul&#8217;da saat 11.20 itibariyle g\u00f6zalt\u0131 say\u0131s\u0131n\u0131n 120&#8217;ye \u00e7\u0131kt\u0131\u011f\u0131 \u00f6\u011frenildi.\u00a0<a href=\"https:\/\/www.gercekgundem.com\/guncel\/istanbulda-olayli-1-mayis-besiktas-mecidiyekoy-ve-15-temmuz-sehitler-koprusunde-gozaltilar-var-570706\" target=\"_blank\" class=\"feedzy-rss-link-icon\">Read More<\/a><\/p>","protected":false},"excerpt":{"rendered":"<p>Be\u015fikta\u015f Barbaros Bulvar\u0131&#8217;ndan 1 May\u0131s Emek ve Dayan\u0131\u015fma G\u00fcn\u00fc nedeniyle Taksim&#8217;e y\u00fcr\u00fcmek isteyen bir grup Halk\u0131n Kurtulu\u015f Partisi \u00fcyesine polis m\u00fcdahale etti. Gruptaki baz\u0131 ki\u015filer g\u00f6zalt\u0131na al\u0131nd\u0131. Mecidiyek\u00f6y&#8217;de de toplanarak Taksim&#8217;e hareket etmek isteyenlere polis m\u00fcdahalesi ger\u00e7ekle\u015fti. 15 Temmuz \u015eehitler K\u00f6pr\u00fcs\u00fc&#8217;n\u00fc kapatmak isteyen grup polisler taraf\u0131ndan g\u00f6zalt\u0131na al\u0131nd\u0131. \u0130stanbul&#8217;da saat 11.20 itibariyle g\u00f6zalt\u0131 say\u0131s\u0131n\u0131n 120&#8217;ye [&hellip;]<\/p>\n","protected":false},"author":1,"featured_media":28100,"comment_status":"open","ping_status":"open","sticky":false,"template":"","format":"standard","meta":{"footnotes":"","_links_to":"","_links_to_target":""},"categories":[1],"tags":[],"class_list":["post-28099","post","type-post","status-publish","format-standard","has-post-thumbnail","hentry","category-haberler"],"_links":{"self":[{"href":"https:\/\/www.abchukuk.com\/index.php\/wp-json\/wp\/v2\/posts\/28099","targetHints":{"allow":["GET"]}}],"collection":[{"href":"https:\/\/www.abchukuk.com\/index.php\/wp-json\/wp\/v2\/posts"}],"about":[{"href":"https:\/\/www.abchukuk.com\/index.php\/wp-json\/wp\/v2\/types\/post"}],"author":[{"embeddable":true,"href":"https:\/\/www.abchukuk.com\/index.php\/wp-json\/wp\/v2\/users\/1"}],"replies":[{"embeddable":true,"href":"https:\/\/www.abchukuk.com\/index.php\/wp-json\/wp\/v2\/comments?post=28099"}],"version-history":[{"count":0,"href":"https:\/\/www.abchukuk.com\/index.php\/wp-json\/wp\/v2\/posts\/28099\/revisions"}],"wp:featuredmedia":[{"embeddable":true,"href":"https:\/\/www.abchukuk.com\/index.php\/wp-json\/wp\/v2\/media\/28100"}],"wp:attachment":[{"href":"https:\/\/www.abchukuk.com\/index.php\/wp-json\/wp\/v2\/media?parent=28099"}],"wp:term":[{"taxonomy":"category","embeddable":true,"href":"https:\/\/www.abchukuk.com\/index.php\/wp-json\/wp\/v2\/categories?post=28099"},{"taxonomy":"post_tag","embeddable":true,"href":"https:\/\/www.abchukuk.com\/index.php\/wp-json\/wp\/v2\/tags?post=28099"}],"curies":[{"name":"wp","href":"https:\/\/api.w.org\/{rel}","templated":true}]}}