{"id":28097,"date":"2026-05-01T07:27:00","date_gmt":"2026-05-01T07:27:00","guid":{"rendered":"https:\/\/www.abchukuk.com\/index.php\/2026\/05\/01\/12-yargi-paketi-son-durum-nedir-yeni-yargi-paketi-meclise-geldi-mi-af-ve-infaz-duzenlemesi-var-mi\/"},"modified":"2026-05-01T07:27:00","modified_gmt":"2026-05-01T07:27:00","slug":"12-yargi-paketi-son-durum-nedir-yeni-yargi-paketi-meclise-geldi-mi-af-ve-infaz-duzenlemesi-var-mi","status":"publish","type":"post","link":"https:\/\/www.abchukuk.com\/index.php\/2026\/05\/01\/12-yargi-paketi-son-durum-nedir-yeni-yargi-paketi-meclise-geldi-mi-af-ve-infaz-duzenlemesi-var-mi\/","title":{"rendered":"12. Yarg\u0131 Paketi son durum nedir? Yeni yarg\u0131 paketi Meclis&#8217;e geldi mi? Af ve infaz d\u00fczenlemesi var m\u0131?"},"content":{"rendered":"<p>May\u0131s ay\u0131n\u0131n ilk g\u00fcn\u00fcndeyiz ve 12. Yarg\u0131 Paketi ile ilgili bir geli\u015fme olup olmad\u0131\u011f\u0131 sorgulan\u0131yor. Adalet Bakan\u0131 Ak\u0131n G\u00fcrlek&#8217;in her a\u00e7\u0131klamas\u0131 dikkatle takip ediliyor. Af ve infaz d\u00fczenlemesinin bu pakette olup olmayaca\u011f\u0131 da ara\u015ft\u0131r\u0131l\u0131rken dillerden d\u00fc\u015fmeyen soru &#8220;12. Yarg\u0131 Paketi Meclis&#8217;e geldi mi&#8221; oluyor.May\u0131s ay\u0131n\u0131n ilk g\u00fcn\u00fcndeyiz ve 12. Yarg\u0131 Paketi ile ilgili bir geli\u015fme olup olmad\u0131\u011f\u0131 sorgulan\u0131yor. Adalet Bakan\u0131 Ak\u0131n G\u00fcrlek&#8217;in her a\u00e7\u0131klamas\u0131 dikkatle takip ediliyor. Af ve infaz d\u00fczenlemesinin bu pakette olup olmayaca\u011f\u0131 da ara\u015ft\u0131r\u0131l\u0131rken dillerden d\u00fc\u015fmeyen soru &#8220;12. Yarg\u0131 Paketi Meclis&#8217;e geldi mi&#8221; oluyor.\u00a0<a href=\"https:\/\/www.dunya.com\/gundem\/12-yargi-paketi-son-durum-nedir-yeni-yargi-paketi-meclise-geldi-mi-af-ve-infaz-duzenlemesi-var-mi-haberi-823576\" target=\"_blank\" class=\"feedzy-rss-link-icon\">Read More<\/a><\/p>","protected":false},"excerpt":{"rendered":"<p>May\u0131s ay\u0131n\u0131n ilk g\u00fcn\u00fcndeyiz ve 12. Yarg\u0131 Paketi ile ilgili bir geli\u015fme olup olmad\u0131\u011f\u0131 sorgulan\u0131yor. Adalet Bakan\u0131 Ak\u0131n G\u00fcrlek&#8217;in her a\u00e7\u0131klamas\u0131 dikkatle takip ediliyor. Af ve infaz d\u00fczenlemesinin bu pakette olup olmayaca\u011f\u0131 da ara\u015ft\u0131r\u0131l\u0131rken dillerden d\u00fc\u015fmeyen soru &#8220;12. Yarg\u0131 Paketi Meclis&#8217;e geldi mi&#8221; oluyor.May\u0131s ay\u0131n\u0131n ilk g\u00fcn\u00fcndeyiz ve 12. Yarg\u0131 Paketi ile ilgili bir geli\u015fme [&hellip;]<\/p>\n","protected":false},"author":1,"featured_media":28098,"comment_status":"open","ping_status":"open","sticky":false,"template":"","format":"standard","meta":{"footnotes":"","_links_to":"","_links_to_target":""},"categories":[1],"tags":[],"class_list":["post-28097","post","type-post","status-publish","format-standard","has-post-thumbnail","hentry","category-haberler"],"_links":{"self":[{"href":"https:\/\/www.abchukuk.com\/index.php\/wp-json\/wp\/v2\/posts\/28097","targetHints":{"allow":["GET"]}}],"collection":[{"href":"https:\/\/www.abchukuk.com\/index.php\/wp-json\/wp\/v2\/posts"}],"about":[{"href":"https:\/\/www.abchukuk.com\/index.php\/wp-json\/wp\/v2\/types\/post"}],"author":[{"embeddable":true,"href":"https:\/\/www.abchukuk.com\/index.php\/wp-json\/wp\/v2\/users\/1"}],"replies":[{"embeddable":true,"href":"https:\/\/www.abchukuk.com\/index.php\/wp-json\/wp\/v2\/comments?post=28097"}],"version-history":[{"count":0,"href":"https:\/\/www.abchukuk.com\/index.php\/wp-json\/wp\/v2\/posts\/28097\/revisions"}],"wp:featuredmedia":[{"embeddable":true,"href":"https:\/\/www.abchukuk.com\/index.php\/wp-json\/wp\/v2\/media\/28098"}],"wp:attachment":[{"href":"https:\/\/www.abchukuk.com\/index.php\/wp-json\/wp\/v2\/media?parent=28097"}],"wp:term":[{"taxonomy":"category","embeddable":true,"href":"https:\/\/www.abchukuk.com\/index.php\/wp-json\/wp\/v2\/categories?post=28097"},{"taxonomy":"post_tag","embeddable":true,"href":"https:\/\/www.abchukuk.com\/index.php\/wp-json\/wp\/v2\/tags?post=28097"}],"curies":[{"name":"wp","href":"https:\/\/api.w.org\/{rel}","templated":true}]}}