{"id":28096,"date":"2026-05-01T07:36:21","date_gmt":"2026-05-01T07:36:21","guid":{"rendered":"https:\/\/www.abchukuk.com\/index.php\/2026\/05\/01\/brezilyada-bolsonaro-karari-kongre-hapis-cezasini-dusuren-yasayi-kabul-etti\/"},"modified":"2026-05-01T07:36:21","modified_gmt":"2026-05-01T07:36:21","slug":"brezilyada-bolsonaro-karari-kongre-hapis-cezasini-dusuren-yasayi-kabul-etti","status":"publish","type":"post","link":"https:\/\/www.abchukuk.com\/index.php\/2026\/05\/01\/brezilyada-bolsonaro-karari-kongre-hapis-cezasini-dusuren-yasayi-kabul-etti\/","title":{"rendered":"Brezilya\u2019da Bolsonaro karar\u0131: Kongre, hapis cezas\u0131n\u0131 d\u00fc\u015f\u00fcren yasay\u0131 kabul etti"},"content":{"rendered":"<p>Brezilya Kongresi, eski Devlet Ba\u015fkan\u0131 Jair Bolsonaro\u2019nun darbe giri\u015fimi nedeniyle ald\u0131\u011f\u0131 hapis cezas\u0131n\u0131 \u00f6nemli \u00f6l\u00e7\u00fcde azaltabilecek d\u00fczenlemeyi onaylad\u0131. Lula da Silva&#8217;n\u0131n yasay\u0131 daha \u00f6ncesinde veto etmi\u015fti ancak Brezilya Kongresi, oy \u00e7o\u011funlu\u011fuyla vetoyu ge\u00e7ersiz k\u0131ld\u0131.Brezilya Kongresi, eski Devlet Ba\u015fkan\u0131 Jair Bolsonaro\u2019nun darbe giri\u015fimi nedeniyle ald\u0131\u011f\u0131 hapis cezas\u0131n\u0131 \u00f6nemli \u00f6l\u00e7\u00fcde azaltabilecek d\u00fczenlemeyi onaylad\u0131. Lula da Silva&#8217;n\u0131n yasay\u0131 daha \u00f6ncesinde veto etmi\u015fti ancak Brezilya Kongresi, oy \u00e7o\u011funlu\u011fuyla vetoyu ge\u00e7ersiz k\u0131ld\u0131.\u00a0<a href=\"https:\/\/anlatilaninotesi.com.tr\/20260501\/brezilyada-bolsonaro-karari-kongre-hapis-cezasini-dusuren-yasayi-kabul-etti-1105417723.html\" target=\"_blank\" class=\"feedzy-rss-link-icon\">Read More<\/a><\/p>","protected":false},"excerpt":{"rendered":"<p>Brezilya Kongresi, eski Devlet Ba\u015fkan\u0131 Jair Bolsonaro\u2019nun darbe giri\u015fimi nedeniyle ald\u0131\u011f\u0131 hapis cezas\u0131n\u0131 \u00f6nemli \u00f6l\u00e7\u00fcde azaltabilecek d\u00fczenlemeyi onaylad\u0131. Lula da Silva&#8217;n\u0131n yasay\u0131 daha \u00f6ncesinde veto etmi\u015fti ancak Brezilya Kongresi, oy \u00e7o\u011funlu\u011fuyla vetoyu ge\u00e7ersiz k\u0131ld\u0131.Brezilya Kongresi, eski Devlet Ba\u015fkan\u0131 Jair Bolsonaro\u2019nun darbe giri\u015fimi nedeniyle ald\u0131\u011f\u0131 hapis cezas\u0131n\u0131 \u00f6nemli \u00f6l\u00e7\u00fcde azaltabilecek d\u00fczenlemeyi onaylad\u0131. Lula da Silva&#8217;n\u0131n yasay\u0131 [&hellip;]<\/p>\n","protected":false},"author":1,"featured_media":0,"comment_status":"open","ping_status":"open","sticky":false,"template":"","format":"standard","meta":{"footnotes":"","_links_to":"","_links_to_target":""},"categories":[1],"tags":[],"class_list":["post-28096","post","type-post","status-publish","format-standard","hentry","category-haberler"],"_links":{"self":[{"href":"https:\/\/www.abchukuk.com\/index.php\/wp-json\/wp\/v2\/posts\/28096","targetHints":{"allow":["GET"]}}],"collection":[{"href":"https:\/\/www.abchukuk.com\/index.php\/wp-json\/wp\/v2\/posts"}],"about":[{"href":"https:\/\/www.abchukuk.com\/index.php\/wp-json\/wp\/v2\/types\/post"}],"author":[{"embeddable":true,"href":"https:\/\/www.abchukuk.com\/index.php\/wp-json\/wp\/v2\/users\/1"}],"replies":[{"embeddable":true,"href":"https:\/\/www.abchukuk.com\/index.php\/wp-json\/wp\/v2\/comments?post=28096"}],"version-history":[{"count":0,"href":"https:\/\/www.abchukuk.com\/index.php\/wp-json\/wp\/v2\/posts\/28096\/revisions"}],"wp:attachment":[{"href":"https:\/\/www.abchukuk.com\/index.php\/wp-json\/wp\/v2\/media?parent=28096"}],"wp:term":[{"taxonomy":"category","embeddable":true,"href":"https:\/\/www.abchukuk.com\/index.php\/wp-json\/wp\/v2\/categories?post=28096"},{"taxonomy":"post_tag","embeddable":true,"href":"https:\/\/www.abchukuk.com\/index.php\/wp-json\/wp\/v2\/tags?post=28096"}],"curies":[{"name":"wp","href":"https:\/\/api.w.org\/{rel}","templated":true}]}}