{"id":28093,"date":"2026-05-01T08:38:00","date_gmt":"2026-05-01T08:38:00","guid":{"rendered":"https:\/\/www.abchukuk.com\/index.php\/2026\/05\/01\/kayahanin-miras-kavgasi-buyuyor-unlu-ismin-20-yillik-avukati-iddialara-yanit-verdi\/"},"modified":"2026-05-01T08:38:00","modified_gmt":"2026-05-01T08:38:00","slug":"kayahanin-miras-kavgasi-buyuyor-unlu-ismin-20-yillik-avukati-iddialara-yanit-verdi","status":"publish","type":"post","link":"https:\/\/www.abchukuk.com\/index.php\/2026\/05\/01\/kayahanin-miras-kavgasi-buyuyor-unlu-ismin-20-yillik-avukati-iddialara-yanit-verdi\/","title":{"rendered":"Kayahan&#8217;\u0131n miras kavgas\u0131 b\u00fcy\u00fcyor: \u00dcnl\u00fc ismin 20 y\u0131ll\u0131k avukat\u0131 iddialara yan\u0131t verdi"},"content":{"rendered":"<p>\u00dcnl\u00fc sanat\u00e7\u0131 Kayahan&#8217;\u0131n k\u0131z\u0131 Beste A\u00e7ar&#8217;\u0131n &#8216;sahte imza&#8217; iddialar\u0131na Kayahan&#8217;\u0131n 20 y\u0131ll\u0131k avukat\u0131 yan\u0131t verdi. Avukat \u00d6zal O\u011fuz taraflar aras\u0131nda ge\u00e7mi\u015fte mal payla\u015f\u0131m\u0131 yap\u0131ld\u0131\u011f\u0131n\u0131 belirtildi.\u00dcnl\u00fc sanat\u00e7\u0131 Kayahan&#8217;\u0131n k\u0131z\u0131 Beste A\u00e7ar&#8217;\u0131n &#8216;sahte imza&#8217; iddialar\u0131na Kayahan&#8217;\u0131n 20 y\u0131ll\u0131k avukat\u0131 yan\u0131t verdi. Avukat \u00d6zal O\u011fuz taraflar aras\u0131nda ge\u00e7mi\u015fte mal payla\u015f\u0131m\u0131 yap\u0131ld\u0131\u011f\u0131n\u0131 belirtildi.\u00a0<a href=\"https:\/\/anlatilaninotesi.com.tr\/20260501\/kayahanin-miras-kavgasi-buyuyor-unlu-ismin-20-yillik-avukati-iddialara-yanit-verdi-1105419266.html\" target=\"_blank\" class=\"feedzy-rss-link-icon\">Read More<\/a><\/p>","protected":false},"excerpt":{"rendered":"<p>\u00dcnl\u00fc sanat\u00e7\u0131 Kayahan&#8217;\u0131n k\u0131z\u0131 Beste A\u00e7ar&#8217;\u0131n &#8216;sahte imza&#8217; iddialar\u0131na Kayahan&#8217;\u0131n 20 y\u0131ll\u0131k avukat\u0131 yan\u0131t verdi. Avukat \u00d6zal O\u011fuz taraflar aras\u0131nda ge\u00e7mi\u015fte mal payla\u015f\u0131m\u0131 yap\u0131ld\u0131\u011f\u0131n\u0131 belirtildi.\u00dcnl\u00fc sanat\u00e7\u0131 Kayahan&#8217;\u0131n k\u0131z\u0131 Beste A\u00e7ar&#8217;\u0131n &#8216;sahte imza&#8217; iddialar\u0131na Kayahan&#8217;\u0131n 20 y\u0131ll\u0131k avukat\u0131 yan\u0131t verdi. Avukat \u00d6zal O\u011fuz taraflar aras\u0131nda ge\u00e7mi\u015fte mal payla\u015f\u0131m\u0131 yap\u0131ld\u0131\u011f\u0131n\u0131 belirtildi.\u00a0Read More<\/p>\n","protected":false},"author":1,"featured_media":0,"comment_status":"open","ping_status":"open","sticky":false,"template":"","format":"standard","meta":{"footnotes":"","_links_to":"","_links_to_target":""},"categories":[1],"tags":[],"class_list":["post-28093","post","type-post","status-publish","format-standard","hentry","category-haberler"],"_links":{"self":[{"href":"https:\/\/www.abchukuk.com\/index.php\/wp-json\/wp\/v2\/posts\/28093","targetHints":{"allow":["GET"]}}],"collection":[{"href":"https:\/\/www.abchukuk.com\/index.php\/wp-json\/wp\/v2\/posts"}],"about":[{"href":"https:\/\/www.abchukuk.com\/index.php\/wp-json\/wp\/v2\/types\/post"}],"author":[{"embeddable":true,"href":"https:\/\/www.abchukuk.com\/index.php\/wp-json\/wp\/v2\/users\/1"}],"replies":[{"embeddable":true,"href":"https:\/\/www.abchukuk.com\/index.php\/wp-json\/wp\/v2\/comments?post=28093"}],"version-history":[{"count":0,"href":"https:\/\/www.abchukuk.com\/index.php\/wp-json\/wp\/v2\/posts\/28093\/revisions"}],"wp:attachment":[{"href":"https:\/\/www.abchukuk.com\/index.php\/wp-json\/wp\/v2\/media?parent=28093"}],"wp:term":[{"taxonomy":"category","embeddable":true,"href":"https:\/\/www.abchukuk.com\/index.php\/wp-json\/wp\/v2\/categories?post=28093"},{"taxonomy":"post_tag","embeddable":true,"href":"https:\/\/www.abchukuk.com\/index.php\/wp-json\/wp\/v2\/tags?post=28093"}],"curies":[{"name":"wp","href":"https:\/\/api.w.org\/{rel}","templated":true}]}}