{"id":28091,"date":"2026-05-01T08:48:10","date_gmt":"2026-05-01T08:48:10","guid":{"rendered":"https:\/\/www.abchukuk.com\/index.php\/2026\/05\/01\/1-mayis-taksime-yurumek-isteyen-gruplara-polis-mudahale-etti-cok-sayida-gozalti\/"},"modified":"2026-05-01T08:48:10","modified_gmt":"2026-05-01T08:48:10","slug":"1-mayis-taksime-yurumek-isteyen-gruplara-polis-mudahale-etti-cok-sayida-gozalti","status":"publish","type":"post","link":"https:\/\/www.abchukuk.com\/index.php\/2026\/05\/01\/1-mayis-taksime-yurumek-isteyen-gruplara-polis-mudahale-etti-cok-sayida-gozalti\/","title":{"rendered":"1 May\u0131s: Taksim&#8217;e y\u00fcr\u00fcmek isteyen gruplara polis m\u00fcdahale etti, \u00e7ok say\u0131da g\u00f6zalt\u0131"},"content":{"rendered":"<p>\u0130stanbul&#8217;da 1 May\u0131s kutlamalar\u0131n\u0131n bu y\u0131l da Taksim Meydan\u0131&#8217;nda yap\u0131lmas\u0131na izin verilmiyor. Meydana y\u00fcr\u00fcmek isteyen baz\u0131 gruplara m\u00fcdahale edildi. Taksim ve \u00e7evresindeki yollar ve metro duraklar\u0131 kapat\u0131ld\u0131. Valilik kutlama adresi olarak Kad\u0131k\u00f6y ve Kartal&#8217;\u0131 g\u00f6sterdi.\u0130stanbul&#8217;da 1 May\u0131s kutlamalar\u0131n\u0131n bu y\u0131l da Taksim Meydan\u0131&#8217;nda yap\u0131lmas\u0131na izin verilmiyor. Meydana y\u00fcr\u00fcmek isteyen baz\u0131 gruplara m\u00fcdahale edildi. Taksim ve \u00e7evresindeki yollar ve metro duraklar\u0131 kapat\u0131ld\u0131. Valilik kutlama adresi olarak Kad\u0131k\u00f6y ve Kartal&#8217;\u0131 g\u00f6sterdi.\u00a0<a href=\"https:\/\/www.bbc.com\/turkce\/articles\/c5ye51e139xo?at_medium=RSS&amp;at_campaign=rss\" target=\"_blank\" class=\"feedzy-rss-link-icon\">Read More<\/a><\/p>","protected":false},"excerpt":{"rendered":"<p>\u0130stanbul&#8217;da 1 May\u0131s kutlamalar\u0131n\u0131n bu y\u0131l da Taksim Meydan\u0131&#8217;nda yap\u0131lmas\u0131na izin verilmiyor. Meydana y\u00fcr\u00fcmek isteyen baz\u0131 gruplara m\u00fcdahale edildi. Taksim ve \u00e7evresindeki yollar ve metro duraklar\u0131 kapat\u0131ld\u0131. Valilik kutlama adresi olarak Kad\u0131k\u00f6y ve Kartal&#8217;\u0131 g\u00f6sterdi.\u0130stanbul&#8217;da 1 May\u0131s kutlamalar\u0131n\u0131n bu y\u0131l da Taksim Meydan\u0131&#8217;nda yap\u0131lmas\u0131na izin verilmiyor. Meydana y\u00fcr\u00fcmek isteyen baz\u0131 gruplara m\u00fcdahale edildi. Taksim ve [&hellip;]<\/p>\n","protected":false},"author":1,"featured_media":28092,"comment_status":"open","ping_status":"open","sticky":false,"template":"","format":"standard","meta":{"footnotes":"","_links_to":"","_links_to_target":""},"categories":[1],"tags":[],"class_list":["post-28091","post","type-post","status-publish","format-standard","has-post-thumbnail","hentry","category-haberler"],"_links":{"self":[{"href":"https:\/\/www.abchukuk.com\/index.php\/wp-json\/wp\/v2\/posts\/28091","targetHints":{"allow":["GET"]}}],"collection":[{"href":"https:\/\/www.abchukuk.com\/index.php\/wp-json\/wp\/v2\/posts"}],"about":[{"href":"https:\/\/www.abchukuk.com\/index.php\/wp-json\/wp\/v2\/types\/post"}],"author":[{"embeddable":true,"href":"https:\/\/www.abchukuk.com\/index.php\/wp-json\/wp\/v2\/users\/1"}],"replies":[{"embeddable":true,"href":"https:\/\/www.abchukuk.com\/index.php\/wp-json\/wp\/v2\/comments?post=28091"}],"version-history":[{"count":0,"href":"https:\/\/www.abchukuk.com\/index.php\/wp-json\/wp\/v2\/posts\/28091\/revisions"}],"wp:featuredmedia":[{"embeddable":true,"href":"https:\/\/www.abchukuk.com\/index.php\/wp-json\/wp\/v2\/media\/28092"}],"wp:attachment":[{"href":"https:\/\/www.abchukuk.com\/index.php\/wp-json\/wp\/v2\/media?parent=28091"}],"wp:term":[{"taxonomy":"category","embeddable":true,"href":"https:\/\/www.abchukuk.com\/index.php\/wp-json\/wp\/v2\/categories?post=28091"},{"taxonomy":"post_tag","embeddable":true,"href":"https:\/\/www.abchukuk.com\/index.php\/wp-json\/wp\/v2\/tags?post=28091"}],"curies":[{"name":"wp","href":"https:\/\/api.w.org\/{rel}","templated":true}]}}