{"id":28089,"date":"2026-05-01T08:49:00","date_gmt":"2026-05-01T08:49:00","guid":{"rendered":"https:\/\/www.abchukuk.com\/index.php\/2026\/05\/01\/eski-belediye-baskanina-hapis-oglunun-cinsel-istismar-sucunu-ortbas-etmeye-calisti\/"},"modified":"2026-05-01T08:49:00","modified_gmt":"2026-05-01T08:49:00","slug":"eski-belediye-baskanina-hapis-oglunun-cinsel-istismar-sucunu-ortbas-etmeye-calisti","status":"publish","type":"post","link":"https:\/\/www.abchukuk.com\/index.php\/2026\/05\/01\/eski-belediye-baskanina-hapis-oglunun-cinsel-istismar-sucunu-ortbas-etmeye-calisti\/","title":{"rendered":"Eski belediye ba\u015fkan\u0131na hapis: O\u011flunun cinsel istismar su\u00e7unu \u00f6rtbas etmeye \u00e7al\u0131\u015ft\u0131"},"content":{"rendered":"<p>\u0130ngiltere\u2019de eski belediye ba\u015fkan\u0131 Naheed Ejaz, 15 ya\u015f\u0131ndaki bir k\u0131z\u0131n hayat\u0131n\u0131 karartan o\u011flunun su\u00e7 kan\u0131tlar\u0131n\u0131 yok etmesine yard\u0131m etti\u011fi gerek\u00e7esiyle demir parmakl\u0131klar ard\u0131na g\u00f6nderildi. Anneye 3 y\u0131l, o\u011fluna ise 12 y\u0131l hapis cezas\u0131 verildi.\u0130ngiltere\u2019de eski belediye ba\u015fkan\u0131 Naheed Ejaz, 15 ya\u015f\u0131ndaki bir k\u0131z\u0131n hayat\u0131n\u0131 karartan o\u011flunun su\u00e7 kan\u0131tlar\u0131n\u0131 yok etmesine yard\u0131m etti\u011fi gerek\u00e7esiyle demir parmakl\u0131klar ard\u0131na g\u00f6nderildi. Anneye 3 y\u0131l, o\u011fluna ise 12 y\u0131l hapis cezas\u0131 verildi.\u00a0<a href=\"https:\/\/www.cumhuriyet.com.tr\/dunya\/eski-belediye-baskanina-hapis-oglunun-cinsel-istismar-sucunu-ortbas-etmeye-calisti-2500135\" target=\"_blank\" class=\"feedzy-rss-link-icon\">Read More<\/a><\/p>","protected":false},"excerpt":{"rendered":"<p>\u0130ngiltere\u2019de eski belediye ba\u015fkan\u0131 Naheed Ejaz, 15 ya\u015f\u0131ndaki bir k\u0131z\u0131n hayat\u0131n\u0131 karartan o\u011flunun su\u00e7 kan\u0131tlar\u0131n\u0131 yok etmesine yard\u0131m etti\u011fi gerek\u00e7esiyle demir parmakl\u0131klar ard\u0131na g\u00f6nderildi. Anneye 3 y\u0131l, o\u011fluna ise 12 y\u0131l hapis cezas\u0131 verildi.\u0130ngiltere\u2019de eski belediye ba\u015fkan\u0131 Naheed Ejaz, 15 ya\u015f\u0131ndaki bir k\u0131z\u0131n hayat\u0131n\u0131 karartan o\u011flunun su\u00e7 kan\u0131tlar\u0131n\u0131 yok etmesine yard\u0131m etti\u011fi gerek\u00e7esiyle demir parmakl\u0131klar [&hellip;]<\/p>\n","protected":false},"author":1,"featured_media":28090,"comment_status":"open","ping_status":"open","sticky":false,"template":"","format":"standard","meta":{"footnotes":"","_links_to":"","_links_to_target":""},"categories":[1],"tags":[],"class_list":["post-28089","post","type-post","status-publish","format-standard","has-post-thumbnail","hentry","category-haberler"],"_links":{"self":[{"href":"https:\/\/www.abchukuk.com\/index.php\/wp-json\/wp\/v2\/posts\/28089","targetHints":{"allow":["GET"]}}],"collection":[{"href":"https:\/\/www.abchukuk.com\/index.php\/wp-json\/wp\/v2\/posts"}],"about":[{"href":"https:\/\/www.abchukuk.com\/index.php\/wp-json\/wp\/v2\/types\/post"}],"author":[{"embeddable":true,"href":"https:\/\/www.abchukuk.com\/index.php\/wp-json\/wp\/v2\/users\/1"}],"replies":[{"embeddable":true,"href":"https:\/\/www.abchukuk.com\/index.php\/wp-json\/wp\/v2\/comments?post=28089"}],"version-history":[{"count":0,"href":"https:\/\/www.abchukuk.com\/index.php\/wp-json\/wp\/v2\/posts\/28089\/revisions"}],"wp:featuredmedia":[{"embeddable":true,"href":"https:\/\/www.abchukuk.com\/index.php\/wp-json\/wp\/v2\/media\/28090"}],"wp:attachment":[{"href":"https:\/\/www.abchukuk.com\/index.php\/wp-json\/wp\/v2\/media?parent=28089"}],"wp:term":[{"taxonomy":"category","embeddable":true,"href":"https:\/\/www.abchukuk.com\/index.php\/wp-json\/wp\/v2\/categories?post=28089"},{"taxonomy":"post_tag","embeddable":true,"href":"https:\/\/www.abchukuk.com\/index.php\/wp-json\/wp\/v2\/tags?post=28089"}],"curies":[{"name":"wp","href":"https:\/\/api.w.org\/{rel}","templated":true}]}}