{"id":28087,"date":"2026-05-01T06:04:00","date_gmt":"2026-05-01T06:04:00","guid":{"rendered":"https:\/\/www.abchukuk.com\/index.php\/2026\/05\/01\/yurttaslar-1-mayista-emek-ve-adalet-icin-ses-yukseltiyor-kortejler-iki-koldan-kadikoye-yuruyecek\/"},"modified":"2026-05-01T06:04:00","modified_gmt":"2026-05-01T06:04:00","slug":"yurttaslar-1-mayista-emek-ve-adalet-icin-ses-yukseltiyor-kortejler-iki-koldan-kadikoye-yuruyecek","status":"publish","type":"post","link":"https:\/\/www.abchukuk.com\/index.php\/2026\/05\/01\/yurttaslar-1-mayista-emek-ve-adalet-icin-ses-yukseltiyor-kortejler-iki-koldan-kadikoye-yuruyecek\/","title":{"rendered":"Yurtta\u015flar 1 May\u0131s\u2019ta emek ve adalet i\u00e7in ses y\u00fckseltiyor: Kortejler iki koldan Kad\u0131k\u00f6y\u2019e y\u00fcr\u00fcyecek"},"content":{"rendered":"<p>\u00c7al\u0131\u015fan, \u00fcreten, eme\u011finin kar\u015f\u0131l\u0131\u011f\u0131n\u0131 almak isteyen, adalet, demokrasi talep eden emek ve meslek \u00f6rg\u00fctleri 1 May\u0131s\u2019ta ses y\u00fckseltmek i\u00e7in Kad\u0131k\u00f6y R\u0131ht\u0131m\u2019da bulu\u015facak. Yurtta\u015flar Haydarpa\u015fa ve S\u00f6\u011f\u00fctl\u00fc\u00e7e\u015fme\u2019den y\u00fcr\u00fcyerek alana ula\u015facak. Bas\u0131n a\u00e7\u0131klamas\u0131na, CHP lideri \u00d6zg\u00fcr \u00d6zel de kat\u0131lacak.\u00c7al\u0131\u015fan, \u00fcreten, eme\u011finin kar\u015f\u0131l\u0131\u011f\u0131n\u0131 almak isteyen, adalet, demokrasi talep eden emek ve meslek \u00f6rg\u00fctleri 1 May\u0131s\u2019ta ses y\u00fckseltmek i\u00e7in Kad\u0131k\u00f6y R\u0131ht\u0131m\u2019da bulu\u015facak. Yurtta\u015flar Haydarpa\u015fa ve S\u00f6\u011f\u00fctl\u00fc\u00e7e\u015fme\u2019den y\u00fcr\u00fcyerek alana ula\u015facak. Bas\u0131n a\u00e7\u0131klamas\u0131na, CHP lideri \u00d6zg\u00fcr \u00d6zel de kat\u0131lacak.\u00a0<a href=\"https:\/\/www.cumhuriyet.com.tr\/turkiye\/yurttaslar-1-mayis-ta-emek-ve-adalet-icin-ses-yukseltiyor-kortejler-iki-koldan-kadikoy-e-yuruyecek-2500073\" target=\"_blank\" class=\"feedzy-rss-link-icon\">Read More<\/a><\/p>","protected":false},"excerpt":{"rendered":"<p>\u00c7al\u0131\u015fan, \u00fcreten, eme\u011finin kar\u015f\u0131l\u0131\u011f\u0131n\u0131 almak isteyen, adalet, demokrasi talep eden emek ve meslek \u00f6rg\u00fctleri 1 May\u0131s\u2019ta ses y\u00fckseltmek i\u00e7in Kad\u0131k\u00f6y R\u0131ht\u0131m\u2019da bulu\u015facak. Yurtta\u015flar Haydarpa\u015fa ve S\u00f6\u011f\u00fctl\u00fc\u00e7e\u015fme\u2019den y\u00fcr\u00fcyerek alana ula\u015facak. Bas\u0131n a\u00e7\u0131klamas\u0131na, CHP lideri \u00d6zg\u00fcr \u00d6zel de kat\u0131lacak.\u00c7al\u0131\u015fan, \u00fcreten, eme\u011finin kar\u015f\u0131l\u0131\u011f\u0131n\u0131 almak isteyen, adalet, demokrasi talep eden emek ve meslek \u00f6rg\u00fctleri 1 May\u0131s\u2019ta ses y\u00fckseltmek i\u00e7in [&hellip;]<\/p>\n","protected":false},"author":1,"featured_media":28088,"comment_status":"open","ping_status":"open","sticky":false,"template":"","format":"standard","meta":{"footnotes":"","_links_to":"","_links_to_target":""},"categories":[1],"tags":[],"class_list":["post-28087","post","type-post","status-publish","format-standard","has-post-thumbnail","hentry","category-haberler"],"_links":{"self":[{"href":"https:\/\/www.abchukuk.com\/index.php\/wp-json\/wp\/v2\/posts\/28087","targetHints":{"allow":["GET"]}}],"collection":[{"href":"https:\/\/www.abchukuk.com\/index.php\/wp-json\/wp\/v2\/posts"}],"about":[{"href":"https:\/\/www.abchukuk.com\/index.php\/wp-json\/wp\/v2\/types\/post"}],"author":[{"embeddable":true,"href":"https:\/\/www.abchukuk.com\/index.php\/wp-json\/wp\/v2\/users\/1"}],"replies":[{"embeddable":true,"href":"https:\/\/www.abchukuk.com\/index.php\/wp-json\/wp\/v2\/comments?post=28087"}],"version-history":[{"count":0,"href":"https:\/\/www.abchukuk.com\/index.php\/wp-json\/wp\/v2\/posts\/28087\/revisions"}],"wp:featuredmedia":[{"embeddable":true,"href":"https:\/\/www.abchukuk.com\/index.php\/wp-json\/wp\/v2\/media\/28088"}],"wp:attachment":[{"href":"https:\/\/www.abchukuk.com\/index.php\/wp-json\/wp\/v2\/media?parent=28087"}],"wp:term":[{"taxonomy":"category","embeddable":true,"href":"https:\/\/www.abchukuk.com\/index.php\/wp-json\/wp\/v2\/categories?post=28087"},{"taxonomy":"post_tag","embeddable":true,"href":"https:\/\/www.abchukuk.com\/index.php\/wp-json\/wp\/v2\/tags?post=28087"}],"curies":[{"name":"wp","href":"https:\/\/api.w.org\/{rel}","templated":true}]}}