{"id":28085,"date":"2026-05-01T06:40:00","date_gmt":"2026-05-01T06:40:00","guid":{"rendered":"https:\/\/www.abchukuk.com\/index.php\/2026\/05\/01\/istanbulda-1-mayis-disk-taksime-celenk-birakti-birleselim-direnelim-bu-adaletsiz-duzeni-degistirelim\/"},"modified":"2026-05-01T06:40:00","modified_gmt":"2026-05-01T06:40:00","slug":"istanbulda-1-mayis-disk-taksime-celenk-birakti-birleselim-direnelim-bu-adaletsiz-duzeni-degistirelim","status":"publish","type":"post","link":"https:\/\/www.abchukuk.com\/index.php\/2026\/05\/01\/istanbulda-1-mayis-disk-taksime-celenk-birakti-birleselim-direnelim-bu-adaletsiz-duzeni-degistirelim\/","title":{"rendered":"\u0130stanbul&#8217;da 1 May\u0131s&#8230; D\u0130SK, Taksim&#8217;e \u00e7elenk b\u0131rakt\u0131: &#8216;Birle\u015felim, direnelim, bu adaletsiz d\u00fczeni de\u011fi\u015ftirelim!&#8217;"},"content":{"rendered":"<p>\u0130stanbul&#8217;da 1 May\u0131s Emek ve Dayan\u0131\u015fma G\u00fcn\u00fc dolay\u0131s\u0131yla Taksim \u00e7evresi kapat\u0131l\u0131rken ula\u015f\u0131m hatlar\u0131 durduruldu. \u015ei\u015fhane, Taksim ve Osmanbey metro istasyonlar\u0131 hizmet d\u0131\u015f\u0131 b\u0131rak\u0131ld\u0131. \u0130DO, \u015eehir Hatlar\u0131 ve deniz motorlar\u0131n\u0131n da Anadolu Yakas\u0131&#8217;ndan Avrupa Yakas\u0131&#8217;na yolcu ta\u015f\u0131mas\u0131 yasakland\u0131. D\u0130SK heyeti Taksim meydan\u0131na giderek \u00e7elenk b\u0131rak\u0131rken, Genel Ba\u015fkan Arzu \u00c7erkezo\u011flu 1 May\u0131s yasaklar\u0131na tepki g\u00f6stererek \u201cBu yasak iktidar\u0131n emek\u00e7ilere bak\u0131\u015f\u0131n\u0131 g\u00f6steriyor\u201d dedi.\u0130stanbul&#8217;da 1 May\u0131s Emek ve Dayan\u0131\u015fma G\u00fcn\u00fc dolay\u0131s\u0131yla Taksim \u00e7evresi kapat\u0131l\u0131rken ula\u015f\u0131m hatlar\u0131 durduruldu. \u015ei\u015fhane, Taksim ve Osmanbey metro istasyonlar\u0131 hizmet d\u0131\u015f\u0131 b\u0131rak\u0131ld\u0131. \u0130DO, \u015eehir Hatlar\u0131 ve deniz motorlar\u0131n\u0131n da Anadolu Yakas\u0131&#8217;ndan Avrupa Yakas\u0131&#8217;na yolcu ta\u015f\u0131mas\u0131 yasakland\u0131. D\u0130SK heyeti Taksim meydan\u0131na giderek \u00e7elenk b\u0131rak\u0131rken, Genel Ba\u015fkan Arzu \u00c7erkezo\u011flu 1 May\u0131s yasaklar\u0131na tepki g\u00f6stererek \u201cBu yasak iktidar\u0131n emek\u00e7ilere bak\u0131\u015f\u0131n\u0131 g\u00f6steriyor\u201d dedi.\u00a0<a href=\"https:\/\/www.cumhuriyet.com.tr\/turkiye\/istanbul-da-1-mayis-disk-taksim-e-celenk-birakti-birleselim-direnelim-bu-adaletsiz-duzeni-degistirelim-2500087\" target=\"_blank\" class=\"feedzy-rss-link-icon\">Read More<\/a><\/p>","protected":false},"excerpt":{"rendered":"<p>\u0130stanbul&#8217;da 1 May\u0131s Emek ve Dayan\u0131\u015fma G\u00fcn\u00fc dolay\u0131s\u0131yla Taksim \u00e7evresi kapat\u0131l\u0131rken ula\u015f\u0131m hatlar\u0131 durduruldu. \u015ei\u015fhane, Taksim ve Osmanbey metro istasyonlar\u0131 hizmet d\u0131\u015f\u0131 b\u0131rak\u0131ld\u0131. \u0130DO, \u015eehir Hatlar\u0131 ve deniz motorlar\u0131n\u0131n da Anadolu Yakas\u0131&#8217;ndan Avrupa Yakas\u0131&#8217;na yolcu ta\u015f\u0131mas\u0131 yasakland\u0131. D\u0130SK heyeti Taksim meydan\u0131na giderek \u00e7elenk b\u0131rak\u0131rken, Genel Ba\u015fkan Arzu \u00c7erkezo\u011flu 1 May\u0131s yasaklar\u0131na tepki g\u00f6stererek \u201cBu yasak [&hellip;]<\/p>\n","protected":false},"author":1,"featured_media":28086,"comment_status":"open","ping_status":"open","sticky":false,"template":"","format":"standard","meta":{"footnotes":"","_links_to":"","_links_to_target":""},"categories":[1],"tags":[],"class_list":["post-28085","post","type-post","status-publish","format-standard","has-post-thumbnail","hentry","category-haberler"],"_links":{"self":[{"href":"https:\/\/www.abchukuk.com\/index.php\/wp-json\/wp\/v2\/posts\/28085","targetHints":{"allow":["GET"]}}],"collection":[{"href":"https:\/\/www.abchukuk.com\/index.php\/wp-json\/wp\/v2\/posts"}],"about":[{"href":"https:\/\/www.abchukuk.com\/index.php\/wp-json\/wp\/v2\/types\/post"}],"author":[{"embeddable":true,"href":"https:\/\/www.abchukuk.com\/index.php\/wp-json\/wp\/v2\/users\/1"}],"replies":[{"embeddable":true,"href":"https:\/\/www.abchukuk.com\/index.php\/wp-json\/wp\/v2\/comments?post=28085"}],"version-history":[{"count":0,"href":"https:\/\/www.abchukuk.com\/index.php\/wp-json\/wp\/v2\/posts\/28085\/revisions"}],"wp:featuredmedia":[{"embeddable":true,"href":"https:\/\/www.abchukuk.com\/index.php\/wp-json\/wp\/v2\/media\/28086"}],"wp:attachment":[{"href":"https:\/\/www.abchukuk.com\/index.php\/wp-json\/wp\/v2\/media?parent=28085"}],"wp:term":[{"taxonomy":"category","embeddable":true,"href":"https:\/\/www.abchukuk.com\/index.php\/wp-json\/wp\/v2\/categories?post=28085"},{"taxonomy":"post_tag","embeddable":true,"href":"https:\/\/www.abchukuk.com\/index.php\/wp-json\/wp\/v2\/tags?post=28085"}],"curies":[{"name":"wp","href":"https:\/\/api.w.org\/{rel}","templated":true}]}}