{"id":28078,"date":"2026-05-01T01:00:00","date_gmt":"2026-05-01T01:00:00","guid":{"rendered":"https:\/\/www.abchukuk.com\/index.php\/2026\/05\/01\/antalyada-34-kisi-icin-gozalti-karari\/"},"modified":"2026-05-01T01:00:00","modified_gmt":"2026-05-01T01:00:00","slug":"antalyada-34-kisi-icin-gozalti-karari","status":"publish","type":"post","link":"https:\/\/www.abchukuk.com\/index.php\/2026\/05\/01\/antalyada-34-kisi-icin-gozalti-karari\/","title":{"rendered":"Antalya\u2019da 34 ki\u015fi i\u00e7in g\u00f6zalt\u0131 karar\u0131"},"content":{"rendered":"<p>Antalya Cumhuriyet Ba\u015fsavc\u0131l\u0131\u011f\u0131\u2019n\u0131n y\u00fcr\u00fctt\u00fc\u011f\u00fc soru\u015fturma kapsam\u0131nda, Antalya B\u00fcy\u00fck\u015fehir Belediyesi i\u015ftiraki ANSET\u2019e y\u00f6nelik operasyonda 34 ki\u015fi hakk\u0131nda g\u00f6zalt\u0131 karar\u0131 verildi, 27 ki\u015fi g\u00f6zalt\u0131na al\u0131nd\u0131.Antalya Cumhuriyet Ba\u015fsavc\u0131l\u0131\u011f\u0131\u2019n\u0131n y\u00fcr\u00fctt\u00fc\u011f\u00fc soru\u015fturma kapsam\u0131nda, Antalya B\u00fcy\u00fck\u015fehir Belediyesi i\u015ftiraki ANSET\u2019e y\u00f6nelik operasyonda 34 ki\u015fi hakk\u0131nda g\u00f6zalt\u0131 karar\u0131 verildi, 27 ki\u015fi g\u00f6zalt\u0131na al\u0131nd\u0131.\u00a0<a href=\"https:\/\/www.cumhuriyet.com.tr\/turkiye\/antalya-da-34-kisi-icin-gozalti-karari-2500058\" target=\"_blank\" class=\"feedzy-rss-link-icon\">Read More<\/a><\/p>","protected":false},"excerpt":{"rendered":"<p>Antalya Cumhuriyet Ba\u015fsavc\u0131l\u0131\u011f\u0131\u2019n\u0131n y\u00fcr\u00fctt\u00fc\u011f\u00fc soru\u015fturma kapsam\u0131nda, Antalya B\u00fcy\u00fck\u015fehir Belediyesi i\u015ftiraki ANSET\u2019e y\u00f6nelik operasyonda 34 ki\u015fi hakk\u0131nda g\u00f6zalt\u0131 karar\u0131 verildi, 27 ki\u015fi g\u00f6zalt\u0131na al\u0131nd\u0131.Antalya Cumhuriyet Ba\u015fsavc\u0131l\u0131\u011f\u0131\u2019n\u0131n y\u00fcr\u00fctt\u00fc\u011f\u00fc soru\u015fturma kapsam\u0131nda, Antalya B\u00fcy\u00fck\u015fehir Belediyesi i\u015ftiraki ANSET\u2019e y\u00f6nelik operasyonda 34 ki\u015fi hakk\u0131nda g\u00f6zalt\u0131 karar\u0131 verildi, 27 ki\u015fi g\u00f6zalt\u0131na al\u0131nd\u0131.\u00a0Read More<\/p>\n","protected":false},"author":1,"featured_media":28079,"comment_status":"open","ping_status":"open","sticky":false,"template":"","format":"standard","meta":{"footnotes":"","_links_to":"","_links_to_target":""},"categories":[1],"tags":[],"class_list":["post-28078","post","type-post","status-publish","format-standard","has-post-thumbnail","hentry","category-haberler"],"_links":{"self":[{"href":"https:\/\/www.abchukuk.com\/index.php\/wp-json\/wp\/v2\/posts\/28078","targetHints":{"allow":["GET"]}}],"collection":[{"href":"https:\/\/www.abchukuk.com\/index.php\/wp-json\/wp\/v2\/posts"}],"about":[{"href":"https:\/\/www.abchukuk.com\/index.php\/wp-json\/wp\/v2\/types\/post"}],"author":[{"embeddable":true,"href":"https:\/\/www.abchukuk.com\/index.php\/wp-json\/wp\/v2\/users\/1"}],"replies":[{"embeddable":true,"href":"https:\/\/www.abchukuk.com\/index.php\/wp-json\/wp\/v2\/comments?post=28078"}],"version-history":[{"count":0,"href":"https:\/\/www.abchukuk.com\/index.php\/wp-json\/wp\/v2\/posts\/28078\/revisions"}],"wp:featuredmedia":[{"embeddable":true,"href":"https:\/\/www.abchukuk.com\/index.php\/wp-json\/wp\/v2\/media\/28079"}],"wp:attachment":[{"href":"https:\/\/www.abchukuk.com\/index.php\/wp-json\/wp\/v2\/media?parent=28078"}],"wp:term":[{"taxonomy":"category","embeddable":true,"href":"https:\/\/www.abchukuk.com\/index.php\/wp-json\/wp\/v2\/categories?post=28078"},{"taxonomy":"post_tag","embeddable":true,"href":"https:\/\/www.abchukuk.com\/index.php\/wp-json\/wp\/v2\/tags?post=28078"}],"curies":[{"name":"wp","href":"https:\/\/api.w.org\/{rel}","templated":true}]}}