{"id":28076,"date":"2026-05-01T01:00:00","date_gmt":"2026-05-01T01:00:00","guid":{"rendered":"https:\/\/www.abchukuk.com\/index.php\/2026\/05\/01\/ankara-barosu-uyesi-5-avukat-bakan-gurlekin-atamasi-hakkinda-danistayda-dava-acmisti-gurlek-davasi-esastan-gorulecek\/"},"modified":"2026-05-01T01:00:00","modified_gmt":"2026-05-01T01:00:00","slug":"ankara-barosu-uyesi-5-avukat-bakan-gurlekin-atamasi-hakkinda-danistayda-dava-acmisti-gurlek-davasi-esastan-gorulecek","status":"publish","type":"post","link":"https:\/\/www.abchukuk.com\/index.php\/2026\/05\/01\/ankara-barosu-uyesi-5-avukat-bakan-gurlekin-atamasi-hakkinda-danistayda-dava-acmisti-gurlek-davasi-esastan-gorulecek\/","title":{"rendered":"Ankara Barosu \u00fcyesi 5 avukat, Bakan G\u00fcrlek\u2019in atamas\u0131 hakk\u0131nda Dan\u0131\u015ftay\u2019da dava a\u00e7m\u0131\u015ft\u0131: G\u00fcrlek davas\u0131 esastan g\u00f6r\u00fclecek!"},"content":{"rendered":"<p>Ankara Barosu \u00fcyesi 5 avukat; Ak\u0131n G\u00fcrlek\u2019in Adalet Bakanl\u0131\u011f\u0131\u2019na atanmas\u0131 i\u015fleminin iptali ve y\u00fcr\u00fctmesinin durdurulmas\u0131 i\u00e7in Dan\u0131\u015ftay\u2019da dava a\u00e7m\u0131\u015ft\u0131. Dan\u0131\u015ftay 12. Dairesi; Cumhurba\u015fkanl\u0131\u011f\u0131\u2019n\u0131n \u201ch\u00fck\u00fcmet tasarruflar\u0131n\u0131n dava konusu edilemeyece\u011fi\u201d y\u00f6n\u00fcndeki savunmas\u0131na kar\u015f\u0131n; avukatlar\u0131n bu konuda dava a\u00e7abilme yeterliliklerinin oldu\u011funa h\u00fckmetti. Karar\u0131 de\u011ferlendiren avukatlardan \u00d6mer Faruk Emina\u011fao\u011flu; \u201cVerilen karar, bundan sonra bakan olarak yap\u0131lacak atamalar\u0131n yarg\u0131 \u00f6n\u00fcnde ta\u015f\u0131nmas\u0131 y\u00f6n\u00fcnden b\u00fcy\u00fck bir \u00f6nem ta\u015f\u0131maktad\u0131r\u201d dedi.Ankara Barosu \u00fcyesi 5 avukat; Ak\u0131n G\u00fcrlek\u2019in Adalet Bakanl\u0131\u011f\u0131\u2019na atanmas\u0131 i\u015fleminin iptali ve y\u00fcr\u00fctmesinin durdurulmas\u0131 i\u00e7in Dan\u0131\u015ftay\u2019da dava a\u00e7m\u0131\u015ft\u0131. Dan\u0131\u015ftay 12. Dairesi; Cumhurba\u015fkanl\u0131\u011f\u0131\u2019n\u0131n \u201ch\u00fck\u00fcmet tasarruflar\u0131n\u0131n dava konusu edilemeyece\u011fi\u201d y\u00f6n\u00fcndeki savunmas\u0131na kar\u015f\u0131n; avukatlar\u0131n bu konuda dava a\u00e7abilme yeterliliklerinin oldu\u011funa h\u00fckmetti. Karar\u0131 de\u011ferlendiren avukatlardan \u00d6mer Faruk Emina\u011fao\u011flu; \u201cVerilen karar, bundan sonra bakan olarak yap\u0131lacak atamalar\u0131n yarg\u0131 \u00f6n\u00fcnde ta\u015f\u0131nmas\u0131 y\u00f6n\u00fcnden b\u00fcy\u00fck bir \u00f6nem ta\u015f\u0131maktad\u0131r\u201d dedi.\u00a0<a href=\"https:\/\/www.cumhuriyet.com.tr\/turkiye\/ankara-barosu-uyesi-5-avukat-bakan-gurlek-in-atamasi-hakkinda-danistay-da-dava-acmisti-gurlek-davasi-esastan-gorulecek-2500050\" target=\"_blank\" class=\"feedzy-rss-link-icon\">Read More<\/a><\/p>","protected":false},"excerpt":{"rendered":"<p>Ankara Barosu \u00fcyesi 5 avukat; Ak\u0131n G\u00fcrlek\u2019in Adalet Bakanl\u0131\u011f\u0131\u2019na atanmas\u0131 i\u015fleminin iptali ve y\u00fcr\u00fctmesinin durdurulmas\u0131 i\u00e7in Dan\u0131\u015ftay\u2019da dava a\u00e7m\u0131\u015ft\u0131. Dan\u0131\u015ftay 12. Dairesi; Cumhurba\u015fkanl\u0131\u011f\u0131\u2019n\u0131n \u201ch\u00fck\u00fcmet tasarruflar\u0131n\u0131n dava konusu edilemeyece\u011fi\u201d y\u00f6n\u00fcndeki savunmas\u0131na kar\u015f\u0131n; avukatlar\u0131n bu konuda dava a\u00e7abilme yeterliliklerinin oldu\u011funa h\u00fckmetti. Karar\u0131 de\u011ferlendiren avukatlardan \u00d6mer Faruk Emina\u011fao\u011flu; \u201cVerilen karar, bundan sonra bakan olarak yap\u0131lacak atamalar\u0131n yarg\u0131 \u00f6n\u00fcnde [&hellip;]<\/p>\n","protected":false},"author":1,"featured_media":28077,"comment_status":"open","ping_status":"open","sticky":false,"template":"","format":"standard","meta":{"footnotes":"","_links_to":"","_links_to_target":""},"categories":[1],"tags":[],"class_list":["post-28076","post","type-post","status-publish","format-standard","has-post-thumbnail","hentry","category-haberler"],"_links":{"self":[{"href":"https:\/\/www.abchukuk.com\/index.php\/wp-json\/wp\/v2\/posts\/28076","targetHints":{"allow":["GET"]}}],"collection":[{"href":"https:\/\/www.abchukuk.com\/index.php\/wp-json\/wp\/v2\/posts"}],"about":[{"href":"https:\/\/www.abchukuk.com\/index.php\/wp-json\/wp\/v2\/types\/post"}],"author":[{"embeddable":true,"href":"https:\/\/www.abchukuk.com\/index.php\/wp-json\/wp\/v2\/users\/1"}],"replies":[{"embeddable":true,"href":"https:\/\/www.abchukuk.com\/index.php\/wp-json\/wp\/v2\/comments?post=28076"}],"version-history":[{"count":0,"href":"https:\/\/www.abchukuk.com\/index.php\/wp-json\/wp\/v2\/posts\/28076\/revisions"}],"wp:featuredmedia":[{"embeddable":true,"href":"https:\/\/www.abchukuk.com\/index.php\/wp-json\/wp\/v2\/media\/28077"}],"wp:attachment":[{"href":"https:\/\/www.abchukuk.com\/index.php\/wp-json\/wp\/v2\/media?parent=28076"}],"wp:term":[{"taxonomy":"category","embeddable":true,"href":"https:\/\/www.abchukuk.com\/index.php\/wp-json\/wp\/v2\/categories?post=28076"},{"taxonomy":"post_tag","embeddable":true,"href":"https:\/\/www.abchukuk.com\/index.php\/wp-json\/wp\/v2\/tags?post=28076"}],"curies":[{"name":"wp","href":"https:\/\/api.w.org\/{rel}","templated":true}]}}