{"id":28072,"date":"2026-05-01T01:14:28","date_gmt":"2026-05-01T01:14:28","guid":{"rendered":"https:\/\/www.abchukuk.com\/index.php\/2026\/05\/01\/on-bes-yas-altina-sosyal-medya-yasagi-getiren-ve-dogum-izni-suresini-uzatan-kanun-yururluge-girdi\/"},"modified":"2026-05-01T01:14:28","modified_gmt":"2026-05-01T01:14:28","slug":"on-bes-yas-altina-sosyal-medya-yasagi-getiren-ve-dogum-izni-suresini-uzatan-kanun-yururluge-girdi","status":"publish","type":"post","link":"https:\/\/www.abchukuk.com\/index.php\/2026\/05\/01\/on-bes-yas-altina-sosyal-medya-yasagi-getiren-ve-dogum-izni-suresini-uzatan-kanun-yururluge-girdi\/","title":{"rendered":"On be\u015f ya\u015f alt\u0131na sosyal medya yasa\u011f\u0131 getiren ve do\u011fum izni s\u00fcresini uzatan kanun y\u00fcr\u00fcrl\u00fc\u011fe girdi"},"content":{"rendered":"<p>Do\u011fum izni s\u00fcresinin uzat\u0131lmas\u0131 ile 15 ya\u015f alt\u0131 \u00e7ocuklar\u0131n sosyal medya kullan\u0131m\u0131na y\u00f6nelik d\u00fczenlemeleri de i\u00e7eren kanun 1 May\u0131s tarihli Resmi Gazete&#8217;de yay\u0131mlanarak y\u00fcr\u00fcrl\u00fc\u011fe girdi.Do\u011fum izni s\u00fcresinin uzat\u0131lmas\u0131 ile 15 ya\u015f alt\u0131 \u00e7ocuklar\u0131n sosyal medya kullan\u0131m\u0131na y\u00f6nelik d\u00fczenlemeleri de i\u00e7eren kanun 1 May\u0131s tarihli Resmi Gazete&#8217;de yay\u0131mlanarak y\u00fcr\u00fcrl\u00fc\u011fe girdi.\u00a0<a href=\"https:\/\/www.bbc.com\/turkce\/articles\/cede39q8jjlo?at_medium=RSS&amp;at_campaign=rss\" target=\"_blank\" class=\"feedzy-rss-link-icon\">Read More<\/a><\/p>","protected":false},"excerpt":{"rendered":"<p>Do\u011fum izni s\u00fcresinin uzat\u0131lmas\u0131 ile 15 ya\u015f alt\u0131 \u00e7ocuklar\u0131n sosyal medya kullan\u0131m\u0131na y\u00f6nelik d\u00fczenlemeleri de i\u00e7eren kanun 1 May\u0131s tarihli Resmi Gazete&#8217;de yay\u0131mlanarak y\u00fcr\u00fcrl\u00fc\u011fe girdi.Do\u011fum izni s\u00fcresinin uzat\u0131lmas\u0131 ile 15 ya\u015f alt\u0131 \u00e7ocuklar\u0131n sosyal medya kullan\u0131m\u0131na y\u00f6nelik d\u00fczenlemeleri de i\u00e7eren kanun 1 May\u0131s tarihli Resmi Gazete&#8217;de yay\u0131mlanarak y\u00fcr\u00fcrl\u00fc\u011fe girdi.\u00a0Read More<\/p>\n","protected":false},"author":1,"featured_media":28073,"comment_status":"open","ping_status":"open","sticky":false,"template":"","format":"standard","meta":{"footnotes":"","_links_to":"","_links_to_target":""},"categories":[1],"tags":[],"class_list":["post-28072","post","type-post","status-publish","format-standard","has-post-thumbnail","hentry","category-haberler"],"_links":{"self":[{"href":"https:\/\/www.abchukuk.com\/index.php\/wp-json\/wp\/v2\/posts\/28072","targetHints":{"allow":["GET"]}}],"collection":[{"href":"https:\/\/www.abchukuk.com\/index.php\/wp-json\/wp\/v2\/posts"}],"about":[{"href":"https:\/\/www.abchukuk.com\/index.php\/wp-json\/wp\/v2\/types\/post"}],"author":[{"embeddable":true,"href":"https:\/\/www.abchukuk.com\/index.php\/wp-json\/wp\/v2\/users\/1"}],"replies":[{"embeddable":true,"href":"https:\/\/www.abchukuk.com\/index.php\/wp-json\/wp\/v2\/comments?post=28072"}],"version-history":[{"count":0,"href":"https:\/\/www.abchukuk.com\/index.php\/wp-json\/wp\/v2\/posts\/28072\/revisions"}],"wp:featuredmedia":[{"embeddable":true,"href":"https:\/\/www.abchukuk.com\/index.php\/wp-json\/wp\/v2\/media\/28073"}],"wp:attachment":[{"href":"https:\/\/www.abchukuk.com\/index.php\/wp-json\/wp\/v2\/media?parent=28072"}],"wp:term":[{"taxonomy":"category","embeddable":true,"href":"https:\/\/www.abchukuk.com\/index.php\/wp-json\/wp\/v2\/categories?post=28072"},{"taxonomy":"post_tag","embeddable":true,"href":"https:\/\/www.abchukuk.com\/index.php\/wp-json\/wp\/v2\/tags?post=28072"}],"curies":[{"name":"wp","href":"https:\/\/api.w.org\/{rel}","templated":true}]}}