{"id":28070,"date":"2026-05-01T01:26:32","date_gmt":"2026-05-01T01:26:32","guid":{"rendered":"https:\/\/www.abchukuk.com\/index.php\/2026\/05\/01\/suriyede-esad-doneminden-ilk-yetkili-yargilaniyor-adaletin-yerini-bulmaya-basladigini-hissettim\/"},"modified":"2026-05-01T01:26:32","modified_gmt":"2026-05-01T01:26:32","slug":"suriyede-esad-doneminden-ilk-yetkili-yargilaniyor-adaletin-yerini-bulmaya-basladigini-hissettim","status":"publish","type":"post","link":"https:\/\/www.abchukuk.com\/index.php\/2026\/05\/01\/suriyede-esad-doneminden-ilk-yetkili-yargilaniyor-adaletin-yerini-bulmaya-basladigini-hissettim\/","title":{"rendered":"Suriye&#8217;de Esad d\u00f6neminden ilk yetkili yarg\u0131lan\u0131yor: &#8216;Adaletin yerini bulmaya ba\u015flad\u0131\u011f\u0131n\u0131 hissettim&#8217;"},"content":{"rendered":"<p>\u015eam&#8217;da Pazar g\u00fcn\u00fc, devrik Esad y\u00f6netiminin ilk yetkilisi yarg\u0131lanmaya ba\u015flan\u0131rken g\u00f6r\u00fclen gerginlik \u00e7arp\u0131c\u0131yd\u0131. Eski h\u00fck\u00fcmetin say\u0131s\u0131z kurban\u0131n\u0131n ailelerinin adalet aray\u0131\u015f\u0131n\u0131 yeniden hat\u0131rlatt\u0131.\u015eam&#8217;da Pazar g\u00fcn\u00fc, devrik Esad y\u00f6netiminin ilk yetkilisi yarg\u0131lanmaya ba\u015flan\u0131rken g\u00f6r\u00fclen gerginlik \u00e7arp\u0131c\u0131yd\u0131. Eski h\u00fck\u00fcmetin say\u0131s\u0131z kurban\u0131n\u0131n ailelerinin adalet aray\u0131\u015f\u0131n\u0131 yeniden hat\u0131rlatt\u0131.\u00a0<a href=\"https:\/\/www.bbc.com\/turkce\/articles\/clyp5l1z2x8o?at_medium=RSS&amp;at_campaign=rss\" target=\"_blank\" class=\"feedzy-rss-link-icon\">Read More<\/a><\/p>","protected":false},"excerpt":{"rendered":"<p>\u015eam&#8217;da Pazar g\u00fcn\u00fc, devrik Esad y\u00f6netiminin ilk yetkilisi yarg\u0131lanmaya ba\u015flan\u0131rken g\u00f6r\u00fclen gerginlik \u00e7arp\u0131c\u0131yd\u0131. Eski h\u00fck\u00fcmetin say\u0131s\u0131z kurban\u0131n\u0131n ailelerinin adalet aray\u0131\u015f\u0131n\u0131 yeniden hat\u0131rlatt\u0131.\u015eam&#8217;da Pazar g\u00fcn\u00fc, devrik Esad y\u00f6netiminin ilk yetkilisi yarg\u0131lanmaya ba\u015flan\u0131rken g\u00f6r\u00fclen gerginlik \u00e7arp\u0131c\u0131yd\u0131. Eski h\u00fck\u00fcmetin say\u0131s\u0131z kurban\u0131n\u0131n ailelerinin adalet aray\u0131\u015f\u0131n\u0131 yeniden hat\u0131rlatt\u0131.\u00a0Read More<\/p>\n","protected":false},"author":1,"featured_media":28071,"comment_status":"open","ping_status":"open","sticky":false,"template":"","format":"standard","meta":{"footnotes":"","_links_to":"","_links_to_target":""},"categories":[1],"tags":[],"class_list":["post-28070","post","type-post","status-publish","format-standard","has-post-thumbnail","hentry","category-haberler"],"_links":{"self":[{"href":"https:\/\/www.abchukuk.com\/index.php\/wp-json\/wp\/v2\/posts\/28070","targetHints":{"allow":["GET"]}}],"collection":[{"href":"https:\/\/www.abchukuk.com\/index.php\/wp-json\/wp\/v2\/posts"}],"about":[{"href":"https:\/\/www.abchukuk.com\/index.php\/wp-json\/wp\/v2\/types\/post"}],"author":[{"embeddable":true,"href":"https:\/\/www.abchukuk.com\/index.php\/wp-json\/wp\/v2\/users\/1"}],"replies":[{"embeddable":true,"href":"https:\/\/www.abchukuk.com\/index.php\/wp-json\/wp\/v2\/comments?post=28070"}],"version-history":[{"count":0,"href":"https:\/\/www.abchukuk.com\/index.php\/wp-json\/wp\/v2\/posts\/28070\/revisions"}],"wp:featuredmedia":[{"embeddable":true,"href":"https:\/\/www.abchukuk.com\/index.php\/wp-json\/wp\/v2\/media\/28071"}],"wp:attachment":[{"href":"https:\/\/www.abchukuk.com\/index.php\/wp-json\/wp\/v2\/media?parent=28070"}],"wp:term":[{"taxonomy":"category","embeddable":true,"href":"https:\/\/www.abchukuk.com\/index.php\/wp-json\/wp\/v2\/categories?post=28070"},{"taxonomy":"post_tag","embeddable":true,"href":"https:\/\/www.abchukuk.com\/index.php\/wp-json\/wp\/v2\/tags?post=28070"}],"curies":[{"name":"wp","href":"https:\/\/api.w.org\/{rel}","templated":true}]}}