{"id":28065,"date":"2026-04-30T21:35:00","date_gmt":"2026-04-30T21:35:00","guid":{"rendered":"https:\/\/www.abchukuk.com\/index.php\/2026\/04\/30\/dogum-izni-24-haftaya-cikti-karar-resmi-gazetede-yayimlandi\/"},"modified":"2026-04-30T21:35:00","modified_gmt":"2026-04-30T21:35:00","slug":"dogum-izni-24-haftaya-cikti-karar-resmi-gazetede-yayimlandi","status":"publish","type":"post","link":"https:\/\/www.abchukuk.com\/index.php\/2026\/04\/30\/dogum-izni-24-haftaya-cikti-karar-resmi-gazetede-yayimlandi\/","title":{"rendered":"Do\u011fum \u0130zni 24 Haftaya \u00c7\u0131kt\u0131: Karar Resmi Gazete&#8217;de Yay\u0131mland\u0131"},"content":{"rendered":"<p><a href=\"https:\/\/www.gercekgundem.com\/guncel\/dogum-izni-24-haftaya-cikti-karar-resmi-gazetede-yayimlandi-570696\"><br \/>\n                                                            <img decoding=\"async\" src=\"https:\/\/i.gercekgundem.com\/2\/150\/84\/storage\/files\/images\/2026\/05\/01\/dogum-izni-24-haftaya-cikti-karar-resmi-gazetede-yayimlandi-xgba.jpg\" width=\"150\" height=\"84\" border=\"0\" align=\"right\" \/><br \/>\n                                                    <\/a><\/p>\n<h4>Cumhurba\u015fkan\u0131 Recep Tayyip Erdo\u011fan&#8217;\u0131n imzas\u0131yla Resmi Gazete&#8217;de yay\u0131mlanan kararnameye g\u00f6re kamu ve \u00f6zel sekt\u00f6rde \u00e7al\u0131\u015fan anneleri kapsayan d\u00fczenleme ile izin s\u00fcresi; do\u011fum \u00f6ncesi 8 hafta ve do\u011fum sonras\u0131 16 hafta olmak \u00fczere toplamda 24 haftaya y\u00fckseltildi.<\/h4>\n<p>Cumhurba\u015fkan\u0131 Recep Tayyip Erdo\u011fan&#8217;\u0131n imzas\u0131yla Resmi Gazete&#8217;de yay\u0131mlanan kararnameye g\u00f6re kamu ve \u00f6zel sekt\u00f6rde \u00e7al\u0131\u015fan anneleri kapsayan d\u00fczenleme ile izin s\u00fcresi; do\u011fum \u00f6ncesi 8 hafta ve do\u011fum sonras\u0131 16 hafta olmak \u00fczere toplamda 24 haftaya y\u00fckseltildi.\u00a0<a href=\"https:\/\/www.gercekgundem.com\/guncel\/dogum-izni-24-haftaya-cikti-karar-resmi-gazetede-yayimlandi-570696\" target=\"_blank\" class=\"feedzy-rss-link-icon\">Read More<\/a><\/p>","protected":false},"excerpt":{"rendered":"<p>Cumhurba\u015fkan\u0131 Recep Tayyip Erdo\u011fan&#8217;\u0131n imzas\u0131yla Resmi Gazete&#8217;de yay\u0131mlanan kararnameye g\u00f6re kamu ve \u00f6zel sekt\u00f6rde \u00e7al\u0131\u015fan anneleri kapsayan d\u00fczenleme ile izin s\u00fcresi; do\u011fum \u00f6ncesi 8 hafta ve do\u011fum sonras\u0131 16 hafta olmak \u00fczere toplamda 24 haftaya y\u00fckseltildi. Cumhurba\u015fkan\u0131 Recep Tayyip Erdo\u011fan&#8217;\u0131n imzas\u0131yla Resmi Gazete&#8217;de yay\u0131mlanan kararnameye g\u00f6re kamu ve \u00f6zel sekt\u00f6rde \u00e7al\u0131\u015fan anneleri kapsayan d\u00fczenleme ile [&hellip;]<\/p>\n","protected":false},"author":1,"featured_media":28066,"comment_status":"open","ping_status":"open","sticky":false,"template":"","format":"standard","meta":{"footnotes":"","_links_to":"","_links_to_target":""},"categories":[1],"tags":[],"class_list":["post-28065","post","type-post","status-publish","format-standard","has-post-thumbnail","hentry","category-haberler"],"_links":{"self":[{"href":"https:\/\/www.abchukuk.com\/index.php\/wp-json\/wp\/v2\/posts\/28065","targetHints":{"allow":["GET"]}}],"collection":[{"href":"https:\/\/www.abchukuk.com\/index.php\/wp-json\/wp\/v2\/posts"}],"about":[{"href":"https:\/\/www.abchukuk.com\/index.php\/wp-json\/wp\/v2\/types\/post"}],"author":[{"embeddable":true,"href":"https:\/\/www.abchukuk.com\/index.php\/wp-json\/wp\/v2\/users\/1"}],"replies":[{"embeddable":true,"href":"https:\/\/www.abchukuk.com\/index.php\/wp-json\/wp\/v2\/comments?post=28065"}],"version-history":[{"count":0,"href":"https:\/\/www.abchukuk.com\/index.php\/wp-json\/wp\/v2\/posts\/28065\/revisions"}],"wp:featuredmedia":[{"embeddable":true,"href":"https:\/\/www.abchukuk.com\/index.php\/wp-json\/wp\/v2\/media\/28066"}],"wp:attachment":[{"href":"https:\/\/www.abchukuk.com\/index.php\/wp-json\/wp\/v2\/media?parent=28065"}],"wp:term":[{"taxonomy":"category","embeddable":true,"href":"https:\/\/www.abchukuk.com\/index.php\/wp-json\/wp\/v2\/categories?post=28065"},{"taxonomy":"post_tag","embeddable":true,"href":"https:\/\/www.abchukuk.com\/index.php\/wp-json\/wp\/v2\/tags?post=28065"}],"curies":[{"name":"wp","href":"https:\/\/api.w.org\/{rel}","templated":true}]}}